{"id":11609,"date":"2025-02-13T13:57:23","date_gmt":"2025-02-13T16:57:23","guid":{"rendered":"https:\/\/laserenaradio.cl\/web\/?p=11609"},"modified":"2025-02-13T13:59:01","modified_gmt":"2025-02-13T16:59:01","slug":"topiario-con-rostro-de-arturo-vidal-es-quemado-por-desconocidos-en-talcahuano","status":"publish","type":"post","link":"https:\/\/laserenaradio.cl\/web\/2025\/02\/13\/topiario-con-rostro-de-arturo-vidal-es-quemado-por-desconocidos-en-talcahuano\/","title":{"rendered":"Topiario con rostro de Arturo Vidal es quemado por desconocidos en Talcahuano"},"content":{"rendered":"\n<p><b>Un homenaje al futbolista Arturo Vidal en forma de topiario fue quemado por desconocidos en Talcahuano, regi\u00f3n del B\u00edo B\u00edo<\/b><\/p>\n\n\n\n<!--more-->\n\n\n\n<p>.<\/p>\n\n\n\n<p>El arbusto, mantenido durante tres a\u00f1os por trabajadores de la empresa Preserva y ubicado en el Parque las Arucas, result\u00f3 da\u00f1ado principalmente en la boca y nariz.<\/p>\n\n\n\n<p>Seg\u00fan un empleado, los j\u00f3venes dejaron bencina para prender fuego al topiario; sin embargo, los guardias lograron apagarlo parcialmente.<\/p>\n\n\n\n<p>No hay m\u00e1s informaci\u00f3n sobre posibles acciones legales o identidad de los culpables.<\/p>\n\n\n\n<blockquote class=\"twitter-tweet\" data-media-max-width=\"560\"><p lang=\"es\" dir=\"ltr\">Queman homenaje a Arturo Vidal <a href=\"https:\/\/twitter.com\/hashtag\/T13Digital?src=hash&amp;ref_src=twsrc%5Etfw\">#T13Digital<\/a> por nuestra se\u00f1al 2 en TV abierta <a href=\"https:\/\/twitter.com\/hashtag\/T13ENVIVO?src=hash&amp;ref_src=twsrc%5Etfw\">#T13ENVIVO<\/a> \u00bb <a href=\"https:\/\/t.co\/tdFda9tz69\">https:\/\/t.co\/tdFda9tz69<\/a> <a href=\"https:\/\/t.co\/hloP1ulwpU\">pic.twitter.com\/hloP1ulwpU<\/a><\/p>&mdash; T13 (@T13) <a href=\"https:\/\/twitter.com\/T13\/status\/1890031543277461766?ref_src=twsrc%5Etfw\">February 13, 2025<\/a><\/blockquote> <script async src=\"https:\/\/platform.twitter.com\/widgets.js\" charset=\"utf-8\"><\/script>\n","protected":false},"excerpt":{"rendered":"<p>Un homenaje al futbolista Arturo Vidal en forma de topiario fue quemado por desconocidos en Talcahuano, regi\u00f3n del B\u00edo B\u00edo<\/p>\n","protected":false},"author":2,"featured_media":11608,"comment_status":"closed","ping_status":"open","sticky":false,"template":"","format":"standard","meta":{"_jetpack_memberships_contains_paid_content":false,"jnews-multi-image_gallery":[],"jnews_single_post":{"format":"standard"},"jnews_primary_category":[],"jnews_social_meta":[],"jnews_paywall_metabox":[],"jnews_review":[],"enable_review":"","type":"","name":"","summary":"","brand":"","sku":"","good":[],"bad":[],"score_override":"","override_value":"","rating":[],"price":[],"jnews_override_counter":[],"jnews_post_split":[],"footnotes":""},"categories":[21],"tags":[],"class_list":["post-11609","post","type-post","status-publish","format-standard","has-post-thumbnail","hentry","category-nacional"],"jetpack_featured_media_url":"https:\/\/laserenaradio.cl\/web\/wp-content\/uploads\/2025\/02\/homepiaiextractoscrapimg_webpalArturoVidaltopiarioquemado_1.webp","jetpack_sharing_enabled":true,"_links":{"self":[{"href":"https:\/\/laserenaradio.cl\/web\/wp-json\/wp\/v2\/posts\/11609","targetHints":{"allow":["GET"]}}],"collection":[{"href":"https:\/\/laserenaradio.cl\/web\/wp-json\/wp\/v2\/posts"}],"about":[{"href":"https:\/\/laserenaradio.cl\/web\/wp-json\/wp\/v2\/types\/post"}],"author":[{"embeddable":true,"href":"https:\/\/laserenaradio.cl\/web\/wp-json\/wp\/v2\/users\/2"}],"replies":[{"embeddable":true,"href":"https:\/\/laserenaradio.cl\/web\/wp-json\/wp\/v2\/comments?post=11609"}],"version-history":[{"count":2,"href":"https:\/\/laserenaradio.cl\/web\/wp-json\/wp\/v2\/posts\/11609\/revisions"}],"predecessor-version":[{"id":11611,"href":"https:\/\/laserenaradio.cl\/web\/wp-json\/wp\/v2\/posts\/11609\/revisions\/11611"}],"wp:featuredmedia":[{"embeddable":true,"href":"https:\/\/laserenaradio.cl\/web\/wp-json\/wp\/v2\/media\/11608"}],"wp:attachment":[{"href":"https:\/\/laserenaradio.cl\/web\/wp-json\/wp\/v2\/media?parent=11609"}],"wp:term":[{"taxonomy":"category","embeddable":true,"href":"https:\/\/laserenaradio.cl\/web\/wp-json\/wp\/v2\/categories?post=11609"},{"taxonomy":"post_tag","embeddable":true,"href":"https:\/\/laserenaradio.cl\/web\/wp-json\/wp\/v2\/tags?post=11609"}],"curies":[{"name":"wp","href":"https:\/\/api.w.org\/{rel}","templated":true}]}}