{"id":11606,"date":"2025-02-13T13:54:24","date_gmt":"2025-02-13T16:54:24","guid":{"rendered":"https:\/\/laserenaradio.cl\/web\/?p=11606"},"modified":"2025-02-13T13:54:24","modified_gmt":"2025-02-13T16:54:24","slug":"prision-preventiva-para-hombre-que-mato-a-un-adulto-mayor-despues-de-discusion-de-transito-en-arica","status":"publish","type":"post","link":"https:\/\/laserenaradio.cl\/web\/2025\/02\/13\/prision-preventiva-para-hombre-que-mato-a-un-adulto-mayor-despues-de-discusion-de-transito-en-arica\/","title":{"rendered":"Prisi\u00f3n preventiva para hombre que mat\u00f3 a un adulto mayor despu\u00e9s de discusi\u00f3n de tr\u00e1nsito en Arica"},"content":{"rendered":"<p><b>El Juzgado de Garant\u00eda de Arica impuso prisi\u00f3n preventiva a Miguel \u00c1ngel Rivera Urriola, acusado de causar la muerte de un adulto mayor durante un altercado de tr\u00e1nsito en enero pasado<\/b><!--more-->.<\/p>\n<p>Seg\u00fan el informe, Rivera sigui\u00f3 al otro veh\u00edculo hasta una se\u00f1al\u00e9tica &#8220;Ceda el paso&#8221;, momento en que golpe\u00f3 a su conductor con pu\u00f1os.<\/p>\n<p>La victima sufri\u00f3 una luxofractura de columna cervical y shock medular, falleciendo instant\u00e1neamente.<\/p>\n<p>El magistrado Barraza Aguilera estableci\u00f3 un plazo de 100 d\u00edas para la investigaci\u00f3n.<\/p>\n","protected":false},"excerpt":{"rendered":"<p>El Juzgado de Garant\u00eda de Arica impuso prisi\u00f3n preventiva a Miguel \u00c1ngel Rivera Urriola, acusado de causar la muerte de un adulto mayor durante un altercado de tr\u00e1nsito en enero pasado<\/p>\n","protected":false},"author":2,"featured_media":11605,"comment_status":"closed","ping_status":"open","sticky":false,"template":"","format":"standard","meta":{"_jetpack_memberships_contains_paid_content":false,"jnews-multi-image_gallery":[],"jnews_single_post":[],"jnews_primary_category":[],"jnews_social_meta":[],"jnews_paywall_metabox":[],"jnews_review":[],"enable_review":"","type":"","name":"","summary":"","brand":"","sku":"","good":[],"bad":[],"score_override":"","override_value":"","rating":[],"price":[],"jnews_override_counter":[],"jnews_post_split":[],"footnotes":""},"categories":[21],"tags":[],"class_list":["post-11606","post","type-post","status-publish","format-standard","has-post-thumbnail","hentry","category-nacional"],"jetpack_featured_media_url":"https:\/\/laserenaradio.cl\/web\/wp-content\/uploads\/2025\/02\/homepiaiextractoscrapimg_webpPrisionArica_0.webp","jetpack_sharing_enabled":true,"_links":{"self":[{"href":"https:\/\/laserenaradio.cl\/web\/wp-json\/wp\/v2\/posts\/11606","targetHints":{"allow":["GET"]}}],"collection":[{"href":"https:\/\/laserenaradio.cl\/web\/wp-json\/wp\/v2\/posts"}],"about":[{"href":"https:\/\/laserenaradio.cl\/web\/wp-json\/wp\/v2\/types\/post"}],"author":[{"embeddable":true,"href":"https:\/\/laserenaradio.cl\/web\/wp-json\/wp\/v2\/users\/2"}],"replies":[{"embeddable":true,"href":"https:\/\/laserenaradio.cl\/web\/wp-json\/wp\/v2\/comments?post=11606"}],"version-history":[{"count":1,"href":"https:\/\/laserenaradio.cl\/web\/wp-json\/wp\/v2\/posts\/11606\/revisions"}],"predecessor-version":[{"id":11607,"href":"https:\/\/laserenaradio.cl\/web\/wp-json\/wp\/v2\/posts\/11606\/revisions\/11607"}],"wp:featuredmedia":[{"embeddable":true,"href":"https:\/\/laserenaradio.cl\/web\/wp-json\/wp\/v2\/media\/11605"}],"wp:attachment":[{"href":"https:\/\/laserenaradio.cl\/web\/wp-json\/wp\/v2\/media?parent=11606"}],"wp:term":[{"taxonomy":"category","embeddable":true,"href":"https:\/\/laserenaradio.cl\/web\/wp-json\/wp\/v2\/categories?post=11606"},{"taxonomy":"post_tag","embeddable":true,"href":"https:\/\/laserenaradio.cl\/web\/wp-json\/wp\/v2\/tags?post=11606"}],"curies":[{"name":"wp","href":"https:\/\/api.w.org\/{rel}","templated":true}]}}