{"id":11603,"date":"2025-02-13T13:49:19","date_gmt":"2025-02-13T16:49:19","guid":{"rendered":"https:\/\/laserenaradio.cl\/web\/?p=11603"},"modified":"2025-02-13T13:49:19","modified_gmt":"2025-02-13T16:49:19","slug":"insulza-pide-a-oficialismo-definir-candidatura-presidencial-sin-esperar-a-bachelet","status":"publish","type":"post","link":"https:\/\/laserenaradio.cl\/web\/2025\/02\/13\/insulza-pide-a-oficialismo-definir-candidatura-presidencial-sin-esperar-a-bachelet\/","title":{"rendered":"Insulza pide a oficialismo definir candidatura presidencial sin esperar a Bachelet"},"content":{"rendered":"<p><b>El senador Jos\u00e9 Miguel Insulza del Partido Socialista ha abordado la candidatura presidencial del oficialismo ante la posible participaci\u00f3n de Michelle Bachelet<\/b><!--more-->.<\/p>\n<p>Insulza sugiere definir r\u00e1pidamente si Bachelet ser\u00e1 candidata, evitando prolongar el proceso. Asegura que esto es injusto para otros posibles aspirantes y podr\u00eda da\u00f1ar a aquellos que postulan en su lugar.<\/p>\n<p>Tambi\u00e9n cuestiona la candidatura de Bachelet, se\u00f1alando que esta vez no est\u00e1 clara su victoria electoral.<\/p>\n<p>Insulza respalda a Carolina Toh\u00e1 como candidata y considera que deber\u00eda comenzar su campa\u00f1a.<\/p>\n","protected":false},"excerpt":{"rendered":"<p>El senador Jos\u00e9 Miguel Insulza del Partido Socialista ha abordado la candidatura presidencial del oficialismo ante la posible participaci\u00f3n de Michelle Bachelet<\/p>\n","protected":false},"author":2,"featured_media":11602,"comment_status":"closed","ping_status":"open","sticky":false,"template":"","format":"standard","meta":{"_jetpack_memberships_contains_paid_content":false,"jnews-multi-image_gallery":[],"jnews_single_post":[],"jnews_primary_category":[],"jnews_social_meta":[],"jnews_paywall_metabox":[],"jnews_review":[],"enable_review":"","type":"","name":"","summary":"","brand":"","sku":"","good":[],"bad":[],"score_override":"","override_value":"","rating":[],"price":[],"jnews_override_counter":[],"jnews_post_split":[],"footnotes":""},"categories":[83],"tags":[],"class_list":["post-11603","post","type-post","status-publish","format-standard","has-post-thumbnail","hentry","category-politica"],"jetpack_featured_media_url":"https:\/\/laserenaradio.cl\/web\/wp-content\/uploads\/2025\/02\/homepiaiextractoscrapimg_webpInsulzaBachelet_0.webp","jetpack_sharing_enabled":true,"_links":{"self":[{"href":"https:\/\/laserenaradio.cl\/web\/wp-json\/wp\/v2\/posts\/11603","targetHints":{"allow":["GET"]}}],"collection":[{"href":"https:\/\/laserenaradio.cl\/web\/wp-json\/wp\/v2\/posts"}],"about":[{"href":"https:\/\/laserenaradio.cl\/web\/wp-json\/wp\/v2\/types\/post"}],"author":[{"embeddable":true,"href":"https:\/\/laserenaradio.cl\/web\/wp-json\/wp\/v2\/users\/2"}],"replies":[{"embeddable":true,"href":"https:\/\/laserenaradio.cl\/web\/wp-json\/wp\/v2\/comments?post=11603"}],"version-history":[{"count":1,"href":"https:\/\/laserenaradio.cl\/web\/wp-json\/wp\/v2\/posts\/11603\/revisions"}],"predecessor-version":[{"id":11604,"href":"https:\/\/laserenaradio.cl\/web\/wp-json\/wp\/v2\/posts\/11603\/revisions\/11604"}],"wp:featuredmedia":[{"embeddable":true,"href":"https:\/\/laserenaradio.cl\/web\/wp-json\/wp\/v2\/media\/11602"}],"wp:attachment":[{"href":"https:\/\/laserenaradio.cl\/web\/wp-json\/wp\/v2\/media?parent=11603"}],"wp:term":[{"taxonomy":"category","embeddable":true,"href":"https:\/\/laserenaradio.cl\/web\/wp-json\/wp\/v2\/categories?post=11603"},{"taxonomy":"post_tag","embeddable":true,"href":"https:\/\/laserenaradio.cl\/web\/wp-json\/wp\/v2\/tags?post=11603"}],"curies":[{"name":"wp","href":"https:\/\/api.w.org\/{rel}","templated":true}]}}