{"id":11599,"date":"2025-02-13T13:45:55","date_gmt":"2025-02-13T16:45:55","guid":{"rendered":"https:\/\/laserenaradio.cl\/web\/?p=11599"},"modified":"2025-02-13T13:47:49","modified_gmt":"2025-02-13T16:47:49","slug":"implementaran-plan-piloto-para-proteger-a-los-pudues-en-chiloe","status":"publish","type":"post","link":"https:\/\/laserenaradio.cl\/web\/2025\/02\/13\/implementaran-plan-piloto-para-proteger-a-los-pudues-en-chiloe\/","title":{"rendered":"Implementar\u00e1n plan piloto para proteger a los pud\u00faes en Chilo\u00e9"},"content":{"rendered":"\n<p><b>Se implementar\u00e1 un plan piloto de intervenci\u00f3n financiado por el <a href=\"https:\/\/mma.gob.cl\/\">Ministerio del Medio Ambiente<\/a> en Chilo\u00e9, regi\u00f3n de Los Lagos, para proteger pud\u00faes despu\u00e9s de la muerte de nueve ejemplares en rutas cercanas al Parque Nacional Vicente P\u00e9rez Rosales<\/b><\/p>\n\n\n\n<!--more-->\n\n\n\n<p>.<\/p>\n\n\n\n<p>La seremi de Medio Ambiente expres\u00f3 preocupaci\u00f3n sobre este fen\u00f3meno y el plan, ejecutado por el Centro de Estudio y Conservaci\u00f3n del Patrimonio Natural, busca abordar amenazas a la especie, promover su convivencia con el entorno y fomentar una cultura ambiental.<\/p>\n\n\n\n<p>La Fundaci\u00f3n Rewilding Chile insta a toda la sociedad a involucrarse en solucionar este problema.<\/p>\n\n\n\n<blockquote class=\"twitter-tweet\" data-media-max-width=\"560\"><p lang=\"es\" dir=\"ltr\">Si vienes a Chilo\u00e9 tienes que recordar de manejar con mucha precauci\u00f3n. Estos bellos pud\u00faes podr\u00edan cruzarse en tu camino. <a href=\"https:\/\/twitter.com\/hashtag\/LaMagiaDelSur?src=hash&amp;ref_src=twsrc%5Etfw\">#LaMagiaDelSur<\/a> <a href=\"https:\/\/t.co\/ax5Yw4Znw3\">pic.twitter.com\/ax5Yw4Znw3<\/a><\/p>&mdash; Alejandro Bernales \ud83c\udde8\ud83c\uddf1 (@abernales) <a href=\"https:\/\/twitter.com\/abernales\/status\/1625595171143565312?ref_src=twsrc%5Etfw\">February 14, 2023<\/a><\/blockquote> <script async src=\"https:\/\/platform.twitter.com\/widgets.js\" charset=\"utf-8\"><\/script>\n","protected":false},"excerpt":{"rendered":"<p>Se implementar\u00e1 un plan piloto de intervenci\u00f3n financiado por el Ministerio del Medio Ambiente en Chilo\u00e9, regi\u00f3n de Los Lagos, para proteger pud\u00faes despu\u00e9s de la muerte de nueve ejemplares en rutas cercanas al Parque Nacional Vicente P\u00e9rez Rosales<\/p>\n","protected":false},"author":2,"featured_media":9076,"comment_status":"closed","ping_status":"open","sticky":false,"template":"","format":"standard","meta":{"_jetpack_memberships_contains_paid_content":false,"jnews-multi-image_gallery":[],"jnews_single_post":{"format":"standard"},"jnews_primary_category":[],"jnews_social_meta":[],"jnews_paywall_metabox":[],"jnews_review":[],"enable_review":"","type":"","name":"","summary":"","brand":"","sku":"","good":[],"bad":[],"score_override":"","override_value":"","rating":[],"price":[],"jnews_override_counter":[],"jnews_post_split":[],"footnotes":""},"categories":[21],"tags":[],"class_list":["post-11599","post","type-post","status-publish","format-standard","has-post-thumbnail","hentry","category-nacional"],"jetpack_featured_media_url":"https:\/\/laserenaradio.cl\/web\/wp-content\/uploads\/2024\/12\/laserenaradio_nacional.webp","jetpack_sharing_enabled":true,"_links":{"self":[{"href":"https:\/\/laserenaradio.cl\/web\/wp-json\/wp\/v2\/posts\/11599","targetHints":{"allow":["GET"]}}],"collection":[{"href":"https:\/\/laserenaradio.cl\/web\/wp-json\/wp\/v2\/posts"}],"about":[{"href":"https:\/\/laserenaradio.cl\/web\/wp-json\/wp\/v2\/types\/post"}],"author":[{"embeddable":true,"href":"https:\/\/laserenaradio.cl\/web\/wp-json\/wp\/v2\/users\/2"}],"replies":[{"embeddable":true,"href":"https:\/\/laserenaradio.cl\/web\/wp-json\/wp\/v2\/comments?post=11599"}],"version-history":[{"count":2,"href":"https:\/\/laserenaradio.cl\/web\/wp-json\/wp\/v2\/posts\/11599\/revisions"}],"predecessor-version":[{"id":11601,"href":"https:\/\/laserenaradio.cl\/web\/wp-json\/wp\/v2\/posts\/11599\/revisions\/11601"}],"wp:featuredmedia":[{"embeddable":true,"href":"https:\/\/laserenaradio.cl\/web\/wp-json\/wp\/v2\/media\/9076"}],"wp:attachment":[{"href":"https:\/\/laserenaradio.cl\/web\/wp-json\/wp\/v2\/media?parent=11599"}],"wp:term":[{"taxonomy":"category","embeddable":true,"href":"https:\/\/laserenaradio.cl\/web\/wp-json\/wp\/v2\/categories?post=11599"},{"taxonomy":"post_tag","embeddable":true,"href":"https:\/\/laserenaradio.cl\/web\/wp-json\/wp\/v2\/tags?post=11599"}],"curies":[{"name":"wp","href":"https:\/\/api.w.org\/{rel}","templated":true}]}}