{"id":11597,"date":"2025-02-13T13:37:45","date_gmt":"2025-02-13T16:37:45","guid":{"rendered":"https:\/\/laserenaradio.cl\/web\/?p=11597"},"modified":"2025-02-13T13:37:45","modified_gmt":"2025-02-13T16:37:45","slug":"defensa-de-cathy-barriga-acusa-excesiva-prision-preventiva-y-ensanamiento-del-ministerio-publico","status":"publish","type":"post","link":"https:\/\/laserenaradio.cl\/web\/2025\/02\/13\/defensa-de-cathy-barriga-acusa-excesiva-prision-preventiva-y-ensanamiento-del-ministerio-publico\/","title":{"rendered":"Defensa de Cathy Barriga acusa excesiva prisi\u00f3n preventiva y ensa\u00f1amiento del Ministerio P\u00fablico"},"content":{"rendered":"<p><b>La defensa de Cathy Barriga, exalcaldesa de Maip\u00fa, cuestiona su prisi\u00f3n preventiva y acusa un &#8220;ensa\u00f1amiento&#8221; del Ministerio P\u00fablico<\/b><!--more-->.<\/p>\n<p>Se argumenta que ha permanecido m\u00e1s tiempo en prisi\u00f3n preventiva que otros imputados con delitos menos graves.<\/p>\n<p>La defensa sostiene que no hay fundamentos suficientes para mantenerla privada de libertad, ya que la exalcaldesa colabor\u00f3 con la investigaci\u00f3n y no representa un peligro. Adem\u00e1s, se rechaza la acusaci\u00f3n de que recibi\u00f3 servicios il\u00edcitos de fondos municipales.<\/p>\n<p>Se critica tambi\u00e9n la nueva formalizaci\u00f3n como una &#8220;filtraci\u00f3n de la causa&#8221; sin evidencia nueva.<\/p>\n","protected":false},"excerpt":{"rendered":"<p>La defensa de Cathy Barriga, exalcaldesa de Maip\u00fa, cuestiona su prisi\u00f3n preventiva y acusa un &#8220;ensa\u00f1amiento&#8221; del Ministerio P\u00fablico<\/p>\n","protected":false},"author":2,"featured_media":11596,"comment_status":"closed","ping_status":"open","sticky":false,"template":"","format":"standard","meta":{"_jetpack_memberships_contains_paid_content":false,"jnews-multi-image_gallery":[],"jnews_single_post":[],"jnews_primary_category":[],"jnews_social_meta":[],"jnews_paywall_metabox":[],"jnews_review":[],"enable_review":"","type":"","name":"","summary":"","brand":"","sku":"","good":[],"bad":[],"score_override":"","override_value":"","rating":[],"price":[],"jnews_override_counter":[],"jnews_post_split":[],"footnotes":""},"categories":[21],"tags":[],"class_list":["post-11597","post","type-post","status-publish","format-standard","has-post-thumbnail","hentry","category-nacional"],"jetpack_featured_media_url":"https:\/\/laserenaradio.cl\/web\/wp-content\/uploads\/2025\/02\/homepiaiextractoscrapimg_webppreventivadefensaCathyBarrigaexalcaldesa_1.webp","jetpack_sharing_enabled":true,"_links":{"self":[{"href":"https:\/\/laserenaradio.cl\/web\/wp-json\/wp\/v2\/posts\/11597","targetHints":{"allow":["GET"]}}],"collection":[{"href":"https:\/\/laserenaradio.cl\/web\/wp-json\/wp\/v2\/posts"}],"about":[{"href":"https:\/\/laserenaradio.cl\/web\/wp-json\/wp\/v2\/types\/post"}],"author":[{"embeddable":true,"href":"https:\/\/laserenaradio.cl\/web\/wp-json\/wp\/v2\/users\/2"}],"replies":[{"embeddable":true,"href":"https:\/\/laserenaradio.cl\/web\/wp-json\/wp\/v2\/comments?post=11597"}],"version-history":[{"count":1,"href":"https:\/\/laserenaradio.cl\/web\/wp-json\/wp\/v2\/posts\/11597\/revisions"}],"predecessor-version":[{"id":11598,"href":"https:\/\/laserenaradio.cl\/web\/wp-json\/wp\/v2\/posts\/11597\/revisions\/11598"}],"wp:featuredmedia":[{"embeddable":true,"href":"https:\/\/laserenaradio.cl\/web\/wp-json\/wp\/v2\/media\/11596"}],"wp:attachment":[{"href":"https:\/\/laserenaradio.cl\/web\/wp-json\/wp\/v2\/media?parent=11597"}],"wp:term":[{"taxonomy":"category","embeddable":true,"href":"https:\/\/laserenaradio.cl\/web\/wp-json\/wp\/v2\/categories?post=11597"},{"taxonomy":"post_tag","embeddable":true,"href":"https:\/\/laserenaradio.cl\/web\/wp-json\/wp\/v2\/tags?post=11597"}],"curies":[{"name":"wp","href":"https:\/\/api.w.org\/{rel}","templated":true}]}}