{"id":11591,"date":"2025-02-13T10:37:30","date_gmt":"2025-02-13T13:37:30","guid":{"rendered":"https:\/\/laserenaradio.cl\/web\/?p=11591"},"modified":"2025-02-13T10:37:30","modified_gmt":"2025-02-13T13:37:30","slug":"la-fiscalia-amplia-cargos-contra-la-exalcaldesa-cathy-barriga-por-corrupcion-en-maipu","status":"publish","type":"post","link":"https:\/\/laserenaradio.cl\/web\/2025\/02\/13\/la-fiscalia-amplia-cargos-contra-la-exalcaldesa-cathy-barriga-por-corrupcion-en-maipu\/","title":{"rendered":"La fiscal\u00eda ampl\u00eda cargos contra la exalcaldesa Cathy Barriga por corrupci\u00f3n en Maip\u00fa"},"content":{"rendered":"<p><b>La exalcaldesa de Maip\u00fa, Cathy Barriga, est\u00e1 en prisi\u00f3n preventiva por sospechas de corrupci\u00f3n durante su gesti\u00f3n<\/b><!--more-->.<\/p>\n<p>La <a href=\"https:\/\/www.fiscaliadechile.cl\/\">Fiscal\u00eda<\/a> Metropolitana Oriente solicit\u00f3 una audiencia de reformalizaci\u00f3n para agregar dos delitos de malversaci\u00f3n de caudales p\u00fablicos y uno de negociaci\u00f3n incompatible.<\/p>\n<p>La acusaci\u00f3n se relaciona con el presunto uso de fondos municipales para contratar a una ni\u00f1era.<\/p>\n<p>La defensa cuestiona la falta de informaci\u00f3n en la notificaci\u00f3n y critica lo que consideran una filtraci\u00f3n de la causa.<\/p>\n<p>La audiencia est\u00e1 programada para el 15 de abril.<\/p>\n","protected":false},"excerpt":{"rendered":"<p>La exalcaldesa de Maip\u00fa, Cathy Barriga, est\u00e1 en prisi\u00f3n preventiva por sospechas de corrupci\u00f3n durante su gesti\u00f3n<\/p>\n","protected":false},"author":2,"featured_media":11590,"comment_status":"closed","ping_status":"open","sticky":false,"template":"","format":"standard","meta":{"_jetpack_memberships_contains_paid_content":false,"jnews-multi-image_gallery":[],"jnews_single_post":[],"jnews_primary_category":[],"jnews_social_meta":[],"jnews_paywall_metabox":[],"jnews_review":[],"enable_review":"","type":"","name":"","summary":"","brand":"","sku":"","good":[],"bad":[],"score_override":"","override_value":"","rating":[],"price":[],"jnews_override_counter":[],"jnews_post_split":[],"footnotes":""},"categories":[21],"tags":[],"class_list":["post-11591","post","type-post","status-publish","format-standard","has-post-thumbnail","hentry","category-nacional"],"jetpack_featured_media_url":"https:\/\/laserenaradio.cl\/web\/wp-content\/uploads\/2025\/02\/homepiaiextractoscrapimg_webpexalcaldesaCathyBarrigaaudienciapreventiva_0.webp","jetpack_sharing_enabled":true,"_links":{"self":[{"href":"https:\/\/laserenaradio.cl\/web\/wp-json\/wp\/v2\/posts\/11591","targetHints":{"allow":["GET"]}}],"collection":[{"href":"https:\/\/laserenaradio.cl\/web\/wp-json\/wp\/v2\/posts"}],"about":[{"href":"https:\/\/laserenaradio.cl\/web\/wp-json\/wp\/v2\/types\/post"}],"author":[{"embeddable":true,"href":"https:\/\/laserenaradio.cl\/web\/wp-json\/wp\/v2\/users\/2"}],"replies":[{"embeddable":true,"href":"https:\/\/laserenaradio.cl\/web\/wp-json\/wp\/v2\/comments?post=11591"}],"version-history":[{"count":1,"href":"https:\/\/laserenaradio.cl\/web\/wp-json\/wp\/v2\/posts\/11591\/revisions"}],"predecessor-version":[{"id":11592,"href":"https:\/\/laserenaradio.cl\/web\/wp-json\/wp\/v2\/posts\/11591\/revisions\/11592"}],"wp:featuredmedia":[{"embeddable":true,"href":"https:\/\/laserenaradio.cl\/web\/wp-json\/wp\/v2\/media\/11590"}],"wp:attachment":[{"href":"https:\/\/laserenaradio.cl\/web\/wp-json\/wp\/v2\/media?parent=11591"}],"wp:term":[{"taxonomy":"category","embeddable":true,"href":"https:\/\/laserenaradio.cl\/web\/wp-json\/wp\/v2\/categories?post=11591"},{"taxonomy":"post_tag","embeddable":true,"href":"https:\/\/laserenaradio.cl\/web\/wp-json\/wp\/v2\/tags?post=11591"}],"curies":[{"name":"wp","href":"https:\/\/api.w.org\/{rel}","templated":true}]}}