{"id":11579,"date":"2025-02-12T23:29:00","date_gmt":"2025-02-13T02:29:00","guid":{"rendered":"https:\/\/laserenaradio.cl\/web\/?p=11579"},"modified":"2025-02-12T23:29:00","modified_gmt":"2025-02-13T02:29:00","slug":"la-ministra-del-interior-carolina-toha-anuncia-refuerzo-en-lucha-contra-incendios-forestales-en-la-araucania","status":"publish","type":"post","link":"https:\/\/laserenaradio.cl\/web\/2025\/02\/12\/la-ministra-del-interior-carolina-toha-anuncia-refuerzo-en-lucha-contra-incendios-forestales-en-la-araucania\/","title":{"rendered":"La ministra del Interior, Carolina Toh\u00e1, anuncia refuerzo en lucha contra incendios forestales en La Araucan\u00eda"},"content":{"rendered":"<p><b>La ministra del Interior y Seguridad P\u00fablica, Carolina Toh\u00e1, encabez\u00f3 una Mesa T\u00e9cnica para revisar incendios forestales en Araucan\u00eda.<\/b><!--more--><\/p>\n<p>A nivel nacional hay 19 incendios en combate, de los cuales 9 est\u00e1n en Araucan\u00eda (45% del total).<\/p>\n<p>Se anunciaron refuerzos: un avi\u00f3n de observaci\u00f3n, 4 aviones cisternas adicionales y 12 helic\u00f3pteros, sumando un total de 51 naves operando.<\/p>\n<p>El Estado de Emergencia Agr\u00edcola fue renovado y se ampli\u00f3 el toque de queda a 12 comunas.<\/p>\n<p>La <a href=\"https:\/\/www.fiscaliadechile.cl\/\">Fiscal\u00eda<\/a> emiti\u00f3 \u00f3rdenes de investigaci\u00f3n tanto para <a href=\"https:\/\/www.carabineros.cl\/\">Carabineros<\/a> como <a href=\"https:\/\/www.pdichile.cl\/\">PDI<\/a>; en Araucan\u00eda, 34 \u00f3rdenes de investigar relacionadas con incendios forestales.<\/p>\n<p>Toh\u00e1 abord\u00f3 la posibilidad de intencionalidad en los incendios y pidi\u00f3 respaldar el trabajo investigativo.<\/p>\n","protected":false},"excerpt":{"rendered":"<p>La ministra del Interior y Seguridad P\u00fablica, Carolina Toh\u00e1, encabez\u00f3 una Mesa T\u00e9cnica para revisar incendios forestales en Araucan\u00eda.<\/p>\n","protected":false},"author":2,"featured_media":11578,"comment_status":"closed","ping_status":"open","sticky":false,"template":"","format":"standard","meta":{"_jetpack_memberships_contains_paid_content":false,"jnews-multi-image_gallery":[],"jnews_single_post":[],"jnews_primary_category":[],"jnews_social_meta":[],"jnews_paywall_metabox":[],"jnews_review":[],"enable_review":"","type":"","name":"","summary":"","brand":"","sku":"","good":[],"bad":[],"score_override":"","override_value":"","rating":[],"price":[],"jnews_override_counter":[],"jnews_post_split":[],"footnotes":""},"categories":[21],"tags":[],"class_list":["post-11579","post","type-post","status-publish","format-standard","has-post-thumbnail","hentry","category-nacional"],"jetpack_featured_media_url":"https:\/\/laserenaradio.cl\/web\/wp-content\/uploads\/2025\/02\/homepiaiextractoscrapimg_webpincendiosforestalesministraInterior_1.webp","jetpack_sharing_enabled":true,"_links":{"self":[{"href":"https:\/\/laserenaradio.cl\/web\/wp-json\/wp\/v2\/posts\/11579","targetHints":{"allow":["GET"]}}],"collection":[{"href":"https:\/\/laserenaradio.cl\/web\/wp-json\/wp\/v2\/posts"}],"about":[{"href":"https:\/\/laserenaradio.cl\/web\/wp-json\/wp\/v2\/types\/post"}],"author":[{"embeddable":true,"href":"https:\/\/laserenaradio.cl\/web\/wp-json\/wp\/v2\/users\/2"}],"replies":[{"embeddable":true,"href":"https:\/\/laserenaradio.cl\/web\/wp-json\/wp\/v2\/comments?post=11579"}],"version-history":[{"count":1,"href":"https:\/\/laserenaradio.cl\/web\/wp-json\/wp\/v2\/posts\/11579\/revisions"}],"predecessor-version":[{"id":11580,"href":"https:\/\/laserenaradio.cl\/web\/wp-json\/wp\/v2\/posts\/11579\/revisions\/11580"}],"wp:featuredmedia":[{"embeddable":true,"href":"https:\/\/laserenaradio.cl\/web\/wp-json\/wp\/v2\/media\/11578"}],"wp:attachment":[{"href":"https:\/\/laserenaradio.cl\/web\/wp-json\/wp\/v2\/media?parent=11579"}],"wp:term":[{"taxonomy":"category","embeddable":true,"href":"https:\/\/laserenaradio.cl\/web\/wp-json\/wp\/v2\/categories?post=11579"},{"taxonomy":"post_tag","embeddable":true,"href":"https:\/\/laserenaradio.cl\/web\/wp-json\/wp\/v2\/tags?post=11579"}],"curies":[{"name":"wp","href":"https:\/\/api.w.org\/{rel}","templated":true}]}}