{"id":11574,"date":"2025-02-12T23:23:02","date_gmt":"2025-02-13T02:23:02","guid":{"rendered":"https:\/\/laserenaradio.cl\/web\/?p=11574"},"modified":"2025-02-12T23:23:02","modified_gmt":"2025-02-13T02:23:02","slug":"un-nuevo-sospechoso-del-crimen-del-exmilitar-venezolano-ronald-ojeda-fue-detenido-en-indiana","status":"publish","type":"post","link":"https:\/\/laserenaradio.cl\/web\/2025\/02\/12\/un-nuevo-sospechoso-del-crimen-del-exmilitar-venezolano-ronald-ojeda-fue-detenido-en-indiana\/","title":{"rendered":"Un nuevo sospechoso del crimen del exmilitar venezolano Ronald Ojeda fue detenido en Indiana"},"content":{"rendered":"<p><b>Un nuevo sospechoso, Edgar Ben\u00edtez Rubio (&#8220;el Fresa&#8221;), fue detenido en Indiana, Estados Unidos<\/b><!--more-->.<\/p>\n<p>Se le acusa de facilitar el veh\u00edculo utilizado en el secuestro del exmilitar venezolano Ronald Ojeda, ocurrido el 21 de febrero del a\u00f1o anterior.<\/p>\n<p>Antes de huir del pa\u00eds tras el crimen, Ben\u00edtez pas\u00f3 por varios pa\u00edses y mantuvo contacto con otro sospechoso.<\/p>\n<p>Fue capturado gracias a un tatuaje en su antebrazo.<\/p>\n","protected":false},"excerpt":{"rendered":"<p>Un nuevo sospechoso, Edgar Ben\u00edtez Rubio (&#8220;el Fresa&#8221;), fue detenido en Indiana, Estados Unidos<\/p>\n","protected":false},"author":2,"featured_media":11573,"comment_status":"closed","ping_status":"open","sticky":false,"template":"","format":"standard","meta":{"_jetpack_memberships_contains_paid_content":false,"jnews-multi-image_gallery":[],"jnews_single_post":[],"jnews_primary_category":[],"jnews_social_meta":[],"jnews_paywall_metabox":[],"jnews_review":[],"enable_review":"","type":"","name":"","summary":"","brand":"","sku":"","good":[],"bad":[],"score_override":"","override_value":"","rating":[],"price":[],"jnews_override_counter":[],"jnews_post_split":[],"footnotes":""},"categories":[21],"tags":[],"class_list":["post-11574","post","type-post","status-publish","format-standard","has-post-thumbnail","hentry","category-nacional"],"jetpack_featured_media_url":"https:\/\/laserenaradio.cl\/web\/wp-content\/uploads\/2025\/02\/homepiaiextractoscrapimg_webpRonaldOjeda_0.webp","jetpack_sharing_enabled":true,"_links":{"self":[{"href":"https:\/\/laserenaradio.cl\/web\/wp-json\/wp\/v2\/posts\/11574","targetHints":{"allow":["GET"]}}],"collection":[{"href":"https:\/\/laserenaradio.cl\/web\/wp-json\/wp\/v2\/posts"}],"about":[{"href":"https:\/\/laserenaradio.cl\/web\/wp-json\/wp\/v2\/types\/post"}],"author":[{"embeddable":true,"href":"https:\/\/laserenaradio.cl\/web\/wp-json\/wp\/v2\/users\/2"}],"replies":[{"embeddable":true,"href":"https:\/\/laserenaradio.cl\/web\/wp-json\/wp\/v2\/comments?post=11574"}],"version-history":[{"count":1,"href":"https:\/\/laserenaradio.cl\/web\/wp-json\/wp\/v2\/posts\/11574\/revisions"}],"predecessor-version":[{"id":11575,"href":"https:\/\/laserenaradio.cl\/web\/wp-json\/wp\/v2\/posts\/11574\/revisions\/11575"}],"wp:featuredmedia":[{"embeddable":true,"href":"https:\/\/laserenaradio.cl\/web\/wp-json\/wp\/v2\/media\/11573"}],"wp:attachment":[{"href":"https:\/\/laserenaradio.cl\/web\/wp-json\/wp\/v2\/media?parent=11574"}],"wp:term":[{"taxonomy":"category","embeddable":true,"href":"https:\/\/laserenaradio.cl\/web\/wp-json\/wp\/v2\/categories?post=11574"},{"taxonomy":"post_tag","embeddable":true,"href":"https:\/\/laserenaradio.cl\/web\/wp-json\/wp\/v2\/tags?post=11574"}],"curies":[{"name":"wp","href":"https:\/\/api.w.org\/{rel}","templated":true}]}}