{"id":11571,"date":"2025-02-12T23:17:42","date_gmt":"2025-02-13T02:17:42","guid":{"rendered":"https:\/\/laserenaradio.cl\/web\/?p=11571"},"modified":"2025-02-12T23:17:42","modified_gmt":"2025-02-13T02:17:42","slug":"el-senador-manuel-ossandon-critica-duramente-a-boric-y-a-los-candidatos-presidenciales-kast-y-kaiser","status":"publish","type":"post","link":"https:\/\/laserenaradio.cl\/web\/2025\/02\/12\/el-senador-manuel-ossandon-critica-duramente-a-boric-y-a-los-candidatos-presidenciales-kast-y-kaiser\/","title":{"rendered":"El senador Manuel Ossand\u00f3n critica duramente a Boric y a los candidatos presidenciales Kast y Kaiser"},"content":{"rendered":"<p><b>El senador Manuel Jos\u00e9 Ossand\u00f3n de Renovaci\u00f3n Nacional critic\u00f3 el Gobierno del Presidente Gabriel Boric, compar\u00e1ndolo con las campa\u00f1as presidenciales de Jos\u00e9 Antonio Kast y Johannes Kaiser<\/b><!--more-->.<\/p>\n<p>Seg\u00fan Ossand\u00f3n, Boric gan\u00f3 con &#8220;soluciones f\u00e1ciles&#8221; que no se pudieron cumplir debido a la falta de experiencia.<\/p>\n<p>El senador se\u00f1ala que estos candidatos prometen soluciones simples para problemas complejos, como expulsar a migrantes, pero en realidad no tienen capacidad para gobernar.<\/p>\n<p>Sin embargo, Ossand\u00f3n sostiene que la ciudadan\u00eda ya ha aprendido y que prefiere a quienes demuestren prudencia y car\u00e1cter.<\/p>\n<p>Ossand\u00f3n advierte que los candidatos Kast y Kaiser comparten el mismo electorado de personas asustadas y desesperadas, ofreciendo soluciones f\u00e1ciles.<\/p>\n<p>Enfatiza que Chile no necesita l\u00edderes extremistas y populistas.<\/p>\n<p>Resumiendo, Ossand\u00f3n cree que ambos candidatos son incapaces de sentarse a dialogar y buscar acuerdos, lo cual podr\u00eda ser un obst\u00e1culo para llegar al gobierno.<\/p>\n","protected":false},"excerpt":{"rendered":"<p>El senador Manuel Jos\u00e9 Ossand\u00f3n de Renovaci\u00f3n Nacional critic\u00f3 el Gobierno del Presidente Gabriel Boric, compar\u00e1ndolo con las campa\u00f1as presidenciales de Jos\u00e9 Antonio Kast y Johannes Kaiser<\/p>\n","protected":false},"author":2,"featured_media":11570,"comment_status":"closed","ping_status":"open","sticky":false,"template":"","format":"standard","meta":{"_jetpack_memberships_contains_paid_content":false,"jnews-multi-image_gallery":[],"jnews_single_post":[],"jnews_primary_category":[],"jnews_social_meta":[],"jnews_paywall_metabox":[],"jnews_review":[],"enable_review":"","type":"","name":"","summary":"","brand":"","sku":"","good":[],"bad":[],"score_override":"","override_value":"","rating":[],"price":[],"jnews_override_counter":[],"jnews_post_split":[],"footnotes":""},"categories":[83],"tags":[],"class_list":["post-11571","post","type-post","status-publish","format-standard","has-post-thumbnail","hentry","category-politica"],"jetpack_featured_media_url":"https:\/\/laserenaradio.cl\/web\/wp-content\/uploads\/2025\/02\/homepiaiextractoscrapimg_webpManuelOssandon_1.webp","jetpack_sharing_enabled":true,"_links":{"self":[{"href":"https:\/\/laserenaradio.cl\/web\/wp-json\/wp\/v2\/posts\/11571","targetHints":{"allow":["GET"]}}],"collection":[{"href":"https:\/\/laserenaradio.cl\/web\/wp-json\/wp\/v2\/posts"}],"about":[{"href":"https:\/\/laserenaradio.cl\/web\/wp-json\/wp\/v2\/types\/post"}],"author":[{"embeddable":true,"href":"https:\/\/laserenaradio.cl\/web\/wp-json\/wp\/v2\/users\/2"}],"replies":[{"embeddable":true,"href":"https:\/\/laserenaradio.cl\/web\/wp-json\/wp\/v2\/comments?post=11571"}],"version-history":[{"count":1,"href":"https:\/\/laserenaradio.cl\/web\/wp-json\/wp\/v2\/posts\/11571\/revisions"}],"predecessor-version":[{"id":11572,"href":"https:\/\/laserenaradio.cl\/web\/wp-json\/wp\/v2\/posts\/11571\/revisions\/11572"}],"wp:featuredmedia":[{"embeddable":true,"href":"https:\/\/laserenaradio.cl\/web\/wp-json\/wp\/v2\/media\/11570"}],"wp:attachment":[{"href":"https:\/\/laserenaradio.cl\/web\/wp-json\/wp\/v2\/media?parent=11571"}],"wp:term":[{"taxonomy":"category","embeddable":true,"href":"https:\/\/laserenaradio.cl\/web\/wp-json\/wp\/v2\/categories?post=11571"},{"taxonomy":"post_tag","embeddable":true,"href":"https:\/\/laserenaradio.cl\/web\/wp-json\/wp\/v2\/tags?post=11571"}],"curies":[{"name":"wp","href":"https:\/\/api.w.org\/{rel}","templated":true}]}}