{"id":11568,"date":"2025-02-12T23:15:28","date_gmt":"2025-02-13T02:15:28","guid":{"rendered":"https:\/\/laserenaradio.cl\/web\/?p=11568"},"modified":"2025-02-12T23:15:28","modified_gmt":"2025-02-13T02:15:28","slug":"un-hombre-es-condenado-a-24-anos-de-carcel-por-abuso-sexual-y-violencia-contra-sus-hijas-en-castro","status":"publish","type":"post","link":"https:\/\/laserenaradio.cl\/web\/2025\/02\/12\/un-hombre-es-condenado-a-24-anos-de-carcel-por-abuso-sexual-y-violencia-contra-sus-hijas-en-castro\/","title":{"rendered":"Un hombre es condenado a 24 a\u00f1os de c\u00e1rcel por abuso sexual y violencia contra sus hijas en Castro"},"content":{"rendered":"<p><b>Un hombre de 61 a\u00f1os fue condenado a 24 a\u00f1os de c\u00e1rcel por violaci\u00f3n y abuso sexual contra sus dos hijas.<\/b><!--more-->.<\/p>\n<p>Los cr\u00edmenes ocurrieron desde 2008 hasta 2019, afectando a una ni\u00f1a de 9 a\u00f1os y una joven de 24.<\/p>\n<p>El veredicto fue emitido en Castro, regi\u00f3n de Los Lagos, Chile.<\/p>\n<p>El acusado tambi\u00e9n es portador del VIH.<\/p>\n<p>La <a href=\"https:\/\/www.fiscaliadechile.cl\/\">Fiscal\u00eda<\/a> obtuvo la condena m\u00e1xima seg\u00fan la ley penal chilena.<\/p>\n","protected":false},"excerpt":{"rendered":"<p>Un hombre de 61 a\u00f1os fue condenado a 24 a\u00f1os de c\u00e1rcel por violaci\u00f3n y abuso sexual contra sus dos hijas.<\/p>\n","protected":false},"author":2,"featured_media":11567,"comment_status":"closed","ping_status":"open","sticky":false,"template":"","format":"standard","meta":{"_jetpack_memberships_contains_paid_content":false,"jnews-multi-image_gallery":[],"jnews_single_post":[],"jnews_primary_category":[],"jnews_social_meta":[],"jnews_paywall_metabox":[],"jnews_review":[],"enable_review":"","type":"","name":"","summary":"","brand":"","sku":"","good":[],"bad":[],"score_override":"","override_value":"","rating":[],"price":[],"jnews_override_counter":[],"jnews_post_split":[],"footnotes":""},"categories":[21],"tags":[],"class_list":["post-11568","post","type-post","status-publish","format-standard","has-post-thumbnail","hentry","category-nacional"],"jetpack_featured_media_url":"https:\/\/laserenaradio.cl\/web\/wp-content\/uploads\/2025\/02\/homepiaiextractoscrapimg_webpCastrohombre_1.webp","jetpack_sharing_enabled":true,"_links":{"self":[{"href":"https:\/\/laserenaradio.cl\/web\/wp-json\/wp\/v2\/posts\/11568","targetHints":{"allow":["GET"]}}],"collection":[{"href":"https:\/\/laserenaradio.cl\/web\/wp-json\/wp\/v2\/posts"}],"about":[{"href":"https:\/\/laserenaradio.cl\/web\/wp-json\/wp\/v2\/types\/post"}],"author":[{"embeddable":true,"href":"https:\/\/laserenaradio.cl\/web\/wp-json\/wp\/v2\/users\/2"}],"replies":[{"embeddable":true,"href":"https:\/\/laserenaradio.cl\/web\/wp-json\/wp\/v2\/comments?post=11568"}],"version-history":[{"count":1,"href":"https:\/\/laserenaradio.cl\/web\/wp-json\/wp\/v2\/posts\/11568\/revisions"}],"predecessor-version":[{"id":11569,"href":"https:\/\/laserenaradio.cl\/web\/wp-json\/wp\/v2\/posts\/11568\/revisions\/11569"}],"wp:featuredmedia":[{"embeddable":true,"href":"https:\/\/laserenaradio.cl\/web\/wp-json\/wp\/v2\/media\/11567"}],"wp:attachment":[{"href":"https:\/\/laserenaradio.cl\/web\/wp-json\/wp\/v2\/media?parent=11568"}],"wp:term":[{"taxonomy":"category","embeddable":true,"href":"https:\/\/laserenaradio.cl\/web\/wp-json\/wp\/v2\/categories?post=11568"},{"taxonomy":"post_tag","embeddable":true,"href":"https:\/\/laserenaradio.cl\/web\/wp-json\/wp\/v2\/tags?post=11568"}],"curies":[{"name":"wp","href":"https:\/\/api.w.org\/{rel}","templated":true}]}}