{"id":11562,"date":"2025-02-12T16:11:54","date_gmt":"2025-02-12T19:11:54","guid":{"rendered":"https:\/\/laserenaradio.cl\/web\/?p=11562"},"modified":"2025-02-12T16:11:54","modified_gmt":"2025-02-12T19:11:54","slug":"la-investigacion-contra-jorge-valdivia-es-ampliada-por-70-dias","status":"publish","type":"post","link":"https:\/\/laserenaradio.cl\/web\/2025\/02\/12\/la-investigacion-contra-jorge-valdivia-es-ampliada-por-70-dias\/","title":{"rendered":"La investigaci\u00f3n contra Jorge Valdivia es ampliada por 70 d\u00edas"},"content":{"rendered":"<p><b>El 4\u00ba Juzgado de Garant\u00eda de Santiago ha ampliado el plazo de investigaci\u00f3n por dos delitos de violaci\u00f3n contra Jorge Valdivia, extendi\u00e9ndolo en 70 d\u00edas<\/b><!--more-->.<\/p>\n<p>El exfutbolista, conocido como &#8220;El Mago&#8221;, se encuentra bajo arresto domiciliario total desde el 6 de enero, tras un recurso de amparo que revoc\u00f3 su prisi\u00f3n preventiva anterior.<\/p>\n","protected":false},"excerpt":{"rendered":"<p>El 4\u00ba Juzgado de Garant\u00eda de Santiago ha ampliado el plazo de investigaci\u00f3n por dos delitos de violaci\u00f3n contra Jorge Valdivia, extendi\u00e9ndolo en 70 d\u00edas<\/p>\n","protected":false},"author":2,"featured_media":11561,"comment_status":"closed","ping_status":"open","sticky":false,"template":"","format":"standard","meta":{"_jetpack_memberships_contains_paid_content":false,"jnews-multi-image_gallery":[],"jnews_single_post":[],"jnews_primary_category":[],"jnews_social_meta":[],"jnews_paywall_metabox":[],"jnews_review":[],"enable_review":"","type":"","name":"","summary":"","brand":"","sku":"","good":[],"bad":[],"score_override":"","override_value":"","rating":[],"price":[],"jnews_override_counter":[],"jnews_post_split":[],"footnotes":""},"categories":[84],"tags":[],"class_list":["post-11562","post","type-post","status-publish","format-standard","has-post-thumbnail","hentry","category-deportes"],"jetpack_featured_media_url":"https:\/\/laserenaradio.cl\/web\/wp-content\/uploads\/2025\/02\/homepiaiextractoscrapimg_webpJorgeValdivia_1.webp","jetpack_sharing_enabled":true,"_links":{"self":[{"href":"https:\/\/laserenaradio.cl\/web\/wp-json\/wp\/v2\/posts\/11562","targetHints":{"allow":["GET"]}}],"collection":[{"href":"https:\/\/laserenaradio.cl\/web\/wp-json\/wp\/v2\/posts"}],"about":[{"href":"https:\/\/laserenaradio.cl\/web\/wp-json\/wp\/v2\/types\/post"}],"author":[{"embeddable":true,"href":"https:\/\/laserenaradio.cl\/web\/wp-json\/wp\/v2\/users\/2"}],"replies":[{"embeddable":true,"href":"https:\/\/laserenaradio.cl\/web\/wp-json\/wp\/v2\/comments?post=11562"}],"version-history":[{"count":1,"href":"https:\/\/laserenaradio.cl\/web\/wp-json\/wp\/v2\/posts\/11562\/revisions"}],"predecessor-version":[{"id":11563,"href":"https:\/\/laserenaradio.cl\/web\/wp-json\/wp\/v2\/posts\/11562\/revisions\/11563"}],"wp:featuredmedia":[{"embeddable":true,"href":"https:\/\/laserenaradio.cl\/web\/wp-json\/wp\/v2\/media\/11561"}],"wp:attachment":[{"href":"https:\/\/laserenaradio.cl\/web\/wp-json\/wp\/v2\/media?parent=11562"}],"wp:term":[{"taxonomy":"category","embeddable":true,"href":"https:\/\/laserenaradio.cl\/web\/wp-json\/wp\/v2\/categories?post=11562"},{"taxonomy":"post_tag","embeddable":true,"href":"https:\/\/laserenaradio.cl\/web\/wp-json\/wp\/v2\/tags?post=11562"}],"curies":[{"name":"wp","href":"https:\/\/api.w.org\/{rel}","templated":true}]}}