{"id":11555,"date":"2025-02-12T16:00:07","date_gmt":"2025-02-12T19:00:07","guid":{"rendered":"https:\/\/laserenaradio.cl\/web\/?p=11555"},"modified":"2025-02-12T16:00:07","modified_gmt":"2025-02-12T19:00:07","slug":"kaiser-desmiente-la-posibilidad-de-eliminar-el-banco-central-como-parte-de-su-programa-presidencial","status":"publish","type":"post","link":"https:\/\/laserenaradio.cl\/web\/2025\/02\/12\/kaiser-desmiente-la-posibilidad-de-eliminar-el-banco-central-como-parte-de-su-programa-presidencial\/","title":{"rendered":"Kaiser desmiente la posibilidad de eliminar el Banco Central como parte de su programa presidencial"},"content":{"rendered":"<p><b>El diputado y candidato presidencial del Partido Nacional Libertario, Johannes Kaiser, aclar\u00f3 que no incluye la eliminaci\u00f3n del Banco Central en su programa de gobierno, luego de que un asesor cercano mencionara esta posibilidad en una entrevista<\/b><!--more-->.<\/p>\n<p>Espinoza sugiri\u00f3 que para eliminar el Banco Central se necesitar\u00eda cambiar la Constituci\u00f3n y obtener cuatro s\u00e9ptimos de los votos, aunque abri\u00f3 la opci\u00f3n de permitir la competencia monetaria como alternativa.<\/p>\n<p>Kaiser confirm\u00f3 que esta idea no forma parte de su proyecto de gobierno.<\/p>\n","protected":false},"excerpt":{"rendered":"<p>El diputado y candidato presidencial del Partido Nacional Libertario, Johannes Kaiser, aclar\u00f3 que no incluye la eliminaci\u00f3n del Banco Central en su programa de gobierno, luego de que un asesor cercano mencionara esta posibilidad en una entrevista<\/p>\n","protected":false},"author":2,"featured_media":9077,"comment_status":"closed","ping_status":"open","sticky":false,"template":"","format":"standard","meta":{"_jetpack_memberships_contains_paid_content":false,"jnews-multi-image_gallery":[],"jnews_single_post":[],"jnews_primary_category":[],"jnews_social_meta":[],"jnews_paywall_metabox":[],"jnews_review":[],"enable_review":"","type":"","name":"","summary":"","brand":"","sku":"","good":[],"bad":[],"score_override":"","override_value":"","rating":[],"price":[],"jnews_override_counter":[],"jnews_post_split":[],"footnotes":""},"categories":[83],"tags":[],"class_list":["post-11555","post","type-post","status-publish","format-standard","has-post-thumbnail","hentry","category-politica"],"jetpack_featured_media_url":"https:\/\/laserenaradio.cl\/web\/wp-content\/uploads\/2024\/12\/laserenaradio_politica.webp","jetpack_sharing_enabled":true,"_links":{"self":[{"href":"https:\/\/laserenaradio.cl\/web\/wp-json\/wp\/v2\/posts\/11555","targetHints":{"allow":["GET"]}}],"collection":[{"href":"https:\/\/laserenaradio.cl\/web\/wp-json\/wp\/v2\/posts"}],"about":[{"href":"https:\/\/laserenaradio.cl\/web\/wp-json\/wp\/v2\/types\/post"}],"author":[{"embeddable":true,"href":"https:\/\/laserenaradio.cl\/web\/wp-json\/wp\/v2\/users\/2"}],"replies":[{"embeddable":true,"href":"https:\/\/laserenaradio.cl\/web\/wp-json\/wp\/v2\/comments?post=11555"}],"version-history":[{"count":1,"href":"https:\/\/laserenaradio.cl\/web\/wp-json\/wp\/v2\/posts\/11555\/revisions"}],"predecessor-version":[{"id":11556,"href":"https:\/\/laserenaradio.cl\/web\/wp-json\/wp\/v2\/posts\/11555\/revisions\/11556"}],"wp:featuredmedia":[{"embeddable":true,"href":"https:\/\/laserenaradio.cl\/web\/wp-json\/wp\/v2\/media\/9077"}],"wp:attachment":[{"href":"https:\/\/laserenaradio.cl\/web\/wp-json\/wp\/v2\/media?parent=11555"}],"wp:term":[{"taxonomy":"category","embeddable":true,"href":"https:\/\/laserenaradio.cl\/web\/wp-json\/wp\/v2\/categories?post=11555"},{"taxonomy":"post_tag","embeddable":true,"href":"https:\/\/laserenaradio.cl\/web\/wp-json\/wp\/v2\/tags?post=11555"}],"curies":[{"name":"wp","href":"https:\/\/api.w.org\/{rel}","templated":true}]}}