{"id":11553,"date":"2025-02-12T15:57:50","date_gmt":"2025-02-12T18:57:50","guid":{"rendered":"https:\/\/laserenaradio.cl\/web\/?p=11553"},"modified":"2025-02-12T16:03:28","modified_gmt":"2025-02-12T19:03:28","slug":"el-ministro-de-agricultura-esteban-valenzuela-recibio-criticas-por-publicar-un-video-apagando-un-incendio","status":"publish","type":"post","link":"https:\/\/laserenaradio.cl\/web\/2025\/02\/12\/el-ministro-de-agricultura-esteban-valenzuela-recibio-criticas-por-publicar-un-video-apagando-un-incendio\/","title":{"rendered":"El ministro de Agricultura, Esteban Valenzuela, recibi\u00f3 cr\u00edticas por publicar un video apagando un incendio"},"content":{"rendered":"\n<p><b>El ministro de Agricultura, Esteban Valenzuela (FRVS), ha sido criticado por publicar un video en redes sociales mientras apagaba un amago de incendio en Traigu\u00e9n, una comuna afectada por los incendios forestales<\/b><\/p>\n\n\n\n<!--more-->\n\n\n\n<p>.<\/p>\n\n\n\n<p>El alcalde de la comuna solicit\u00f3 evacuar a los vecinos debido a la inminencia del fuego.<\/p>\n\n\n\n<p>Valenzuela grab\u00f3 un video de 13 segundos mientras manipulaba una manguera, lo que gener\u00f3 comentarios negativos acusando un &#8220;show pol\u00edtico&#8221; en medio de la emergencia.<\/p>\n\n\n\n<p>Este incidente no es el primero: el diputado Crist\u00f3bal Urruticoechea tambi\u00e9n fue criticado por tomarse fotos durante los incendios del B\u00edo B\u00edo en 2023.<\/p>\n\n\n\n<p>Seg\u00fan <a href=\"http:\/\/www.senapred.cl\">Senapred<\/a>, m\u00e1s de 20 mil hect\u00e1reas han sido afectadas y 19 casas fueron destruidas, tres de ellas en Traigu\u00e9n.<\/p>\n\n\n\n<p>El director de <a href=\"http:\/\/www.senapred.cl\">Senapred<\/a> Araucan\u00eda afirm\u00f3 que el incendio m\u00e1s importante en la regi\u00f3n es precisamente el en Traigu\u00e9n.<\/p>\n\n\n\n<figure class=\"wp-block-embed is-type-rich is-provider-twitter wp-block-embed-twitter\"><div class=\"wp-block-embed__wrapper\">\nhttps:\/\/twitter.com\/tvalenzuelavt\/status\/1889475547735916877\n<\/div><\/figure>\n","protected":false},"excerpt":{"rendered":"<p>El ministro de Agricultura, Esteban Valenzuela (FRVS), ha sido criticado por publicar un video en redes sociales mientras apagaba un amago de incendio en Traigu\u00e9n, una comuna afectada por los incendios forestales<\/p>\n","protected":false},"author":2,"featured_media":11552,"comment_status":"closed","ping_status":"open","sticky":false,"template":"","format":"standard","meta":{"_jetpack_memberships_contains_paid_content":false,"jnews-multi-image_gallery":[],"jnews_single_post":{"format":"standard"},"jnews_primary_category":[],"jnews_social_meta":[],"jnews_paywall_metabox":[],"jnews_review":[],"enable_review":"","type":"","name":"","summary":"","brand":"","sku":"","good":[],"bad":[],"score_override":"","override_value":"","rating":[],"price":[],"jnews_override_counter":[],"jnews_post_split":[],"footnotes":""},"categories":[21],"tags":[],"class_list":["post-11553","post","type-post","status-publish","format-standard","has-post-thumbnail","hentry","category-nacional"],"jetpack_featured_media_url":"https:\/\/laserenaradio.cl\/web\/wp-content\/uploads\/2025\/02\/homepiaiextractoscrapimg_webpvideoministroAgriculturaEstebanValenzuela_1.webp","jetpack_sharing_enabled":true,"_links":{"self":[{"href":"https:\/\/laserenaradio.cl\/web\/wp-json\/wp\/v2\/posts\/11553","targetHints":{"allow":["GET"]}}],"collection":[{"href":"https:\/\/laserenaradio.cl\/web\/wp-json\/wp\/v2\/posts"}],"about":[{"href":"https:\/\/laserenaradio.cl\/web\/wp-json\/wp\/v2\/types\/post"}],"author":[{"embeddable":true,"href":"https:\/\/laserenaradio.cl\/web\/wp-json\/wp\/v2\/users\/2"}],"replies":[{"embeddable":true,"href":"https:\/\/laserenaradio.cl\/web\/wp-json\/wp\/v2\/comments?post=11553"}],"version-history":[{"count":3,"href":"https:\/\/laserenaradio.cl\/web\/wp-json\/wp\/v2\/posts\/11553\/revisions"}],"predecessor-version":[{"id":11558,"href":"https:\/\/laserenaradio.cl\/web\/wp-json\/wp\/v2\/posts\/11553\/revisions\/11558"}],"wp:featuredmedia":[{"embeddable":true,"href":"https:\/\/laserenaradio.cl\/web\/wp-json\/wp\/v2\/media\/11552"}],"wp:attachment":[{"href":"https:\/\/laserenaradio.cl\/web\/wp-json\/wp\/v2\/media?parent=11553"}],"wp:term":[{"taxonomy":"category","embeddable":true,"href":"https:\/\/laserenaradio.cl\/web\/wp-json\/wp\/v2\/categories?post=11553"},{"taxonomy":"post_tag","embeddable":true,"href":"https:\/\/laserenaradio.cl\/web\/wp-json\/wp\/v2\/tags?post=11553"}],"curies":[{"name":"wp","href":"https:\/\/api.w.org\/{rel}","templated":true}]}}