{"id":11550,"date":"2025-02-12T15:51:55","date_gmt":"2025-02-12T18:51:55","guid":{"rendered":"https:\/\/laserenaradio.cl\/web\/?p=11550"},"modified":"2025-02-12T15:51:55","modified_gmt":"2025-02-12T18:51:55","slug":"detienen-en-espana-al-imputado-por-el-asesinato-de-un-dominicano-ocurrido-en-estacion-central","status":"publish","type":"post","link":"https:\/\/laserenaradio.cl\/web\/2025\/02\/12\/detienen-en-espana-al-imputado-por-el-asesinato-de-un-dominicano-ocurrido-en-estacion-central\/","title":{"rendered":"Detienen en Espa\u00f1a al imputado por el asesinato de un dominicano ocurrido en Estaci\u00f3n Central"},"content":{"rendered":"<p><b>La Polic\u00eda de Investigaciones (<a href=\"https:\/\/www.pdichile.cl\/\">PDI<\/a>) detuvo en Espa\u00f1a a un ciudadano colombiano imputado por el homicidio de un ciudadano dominicano ocurrido el 7 de octubre de 2024 en Estaci\u00f3n Central<\/b><!--more-->.<\/p>\n<p>Seg\u00fan la investigaci\u00f3n de la Brigada de Homicidios Centro Norte, el imputado dispar\u00f3 seis veces a la v\u00edctima durante una discusi\u00f3n dentro de un local nocturno, causando su muerte.<\/p>\n<p>El acusado huy\u00f3 del pa\u00eds y fue ubicado en Barbastro, Arag\u00f3n, Espa\u00f1a.<\/p>\n<p>La detenci\u00f3n se llev\u00f3 a cabo mediante coordinaci\u00f3n entre la <a href=\"https:\/\/www.pdichile.cl\/\">PDI<\/a>, <a href=\"https:\/\/www.fiscaliadechile.cl\/\">Fiscal\u00eda<\/a> ECOH, Oficina Central Nacional Interpol Santiago y la Polic\u00eda Nacional de Espa\u00f1a, tras la emisi\u00f3n de una notificaci\u00f3n roja de Interpol.<\/p>\n<p>El Ministerio P\u00fablico formaliz\u00f3 al acusado en ausencia y espera su extradici\u00f3n a Chile, proceso que podr\u00eda materializarse en los pr\u00f3ximos meses.<\/p>\n","protected":false},"excerpt":{"rendered":"<p>La Polic\u00eda de Investigaciones (PDI) detuvo en Espa\u00f1a a un ciudadano colombiano imputado por el homicidio de un ciudadano dominicano ocurrido el 7 de octubre de 2024 en Estaci\u00f3n Central<\/p>\n","protected":false},"author":2,"featured_media":11549,"comment_status":"closed","ping_status":"open","sticky":false,"template":"","format":"standard","meta":{"_jetpack_memberships_contains_paid_content":false,"jnews-multi-image_gallery":[],"jnews_single_post":[],"jnews_primary_category":[],"jnews_social_meta":[],"jnews_paywall_metabox":[],"jnews_review":[],"enable_review":"","type":"","name":"","summary":"","brand":"","sku":"","good":[],"bad":[],"score_override":"","override_value":"","rating":[],"price":[],"jnews_override_counter":[],"jnews_post_split":[],"footnotes":""},"categories":[21],"tags":[],"class_list":["post-11550","post","type-post","status-publish","format-standard","has-post-thumbnail","hentry","category-nacional"],"jetpack_featured_media_url":"https:\/\/laserenaradio.cl\/web\/wp-content\/uploads\/2025\/02\/homepiaiextractoscrapimg_webpDetienenEspana_0.webp","jetpack_sharing_enabled":true,"_links":{"self":[{"href":"https:\/\/laserenaradio.cl\/web\/wp-json\/wp\/v2\/posts\/11550","targetHints":{"allow":["GET"]}}],"collection":[{"href":"https:\/\/laserenaradio.cl\/web\/wp-json\/wp\/v2\/posts"}],"about":[{"href":"https:\/\/laserenaradio.cl\/web\/wp-json\/wp\/v2\/types\/post"}],"author":[{"embeddable":true,"href":"https:\/\/laserenaradio.cl\/web\/wp-json\/wp\/v2\/users\/2"}],"replies":[{"embeddable":true,"href":"https:\/\/laserenaradio.cl\/web\/wp-json\/wp\/v2\/comments?post=11550"}],"version-history":[{"count":1,"href":"https:\/\/laserenaradio.cl\/web\/wp-json\/wp\/v2\/posts\/11550\/revisions"}],"predecessor-version":[{"id":11551,"href":"https:\/\/laserenaradio.cl\/web\/wp-json\/wp\/v2\/posts\/11550\/revisions\/11551"}],"wp:featuredmedia":[{"embeddable":true,"href":"https:\/\/laserenaradio.cl\/web\/wp-json\/wp\/v2\/media\/11549"}],"wp:attachment":[{"href":"https:\/\/laserenaradio.cl\/web\/wp-json\/wp\/v2\/media?parent=11550"}],"wp:term":[{"taxonomy":"category","embeddable":true,"href":"https:\/\/laserenaradio.cl\/web\/wp-json\/wp\/v2\/categories?post=11550"},{"taxonomy":"post_tag","embeddable":true,"href":"https:\/\/laserenaradio.cl\/web\/wp-json\/wp\/v2\/tags?post=11550"}],"curies":[{"name":"wp","href":"https:\/\/api.w.org\/{rel}","templated":true}]}}