{"id":11547,"date":"2025-02-12T15:49:47","date_gmt":"2025-02-12T18:49:47","guid":{"rendered":"https:\/\/laserenaradio.cl\/web\/?p=11547"},"modified":"2025-02-12T15:49:47","modified_gmt":"2025-02-12T18:49:47","slug":"no-se-cierran-las-puertas-a-ninguna-opcion-frente-amplio-abierta-a-todas-las-posibilidades-para-la-presidencia","status":"publish","type":"post","link":"https:\/\/laserenaradio.cl\/web\/2025\/02\/12\/no-se-cierran-las-puertas-a-ninguna-opcion-frente-amplio-abierta-a-todas-las-posibilidades-para-la-presidencia\/","title":{"rendered":"No se cierran las puertas a ninguna opci\u00f3n: Frente Amplio abierta a todas las posibilidades para la presidencia"},"content":{"rendered":"<p><b>Constanza Mart\u00ednez, presidenta del Frente Amplio, abri\u00f3 la posibilidad de una candidatura presidencial para Michelle Bachelet, mientras que su partido se compromete a buscar una candidatura competitiva y transformadora<\/b><!--more-->.<\/p>\n<p>Mart\u00ednez explic\u00f3 que su partido mantiene una postura abierta para evaluar todos los escenarios, incluyendo la participaci\u00f3n de Bachelet.<\/p>\n<p>La decisi\u00f3n final sobre la candidatura se tomar\u00e1 en un comit\u00e9 central programado para el 15 de marzo, con el objetivo claro de ganar y profundizar las reformas del gobierno actual.<\/p>\n","protected":false},"excerpt":{"rendered":"<p>Constanza Mart\u00ednez, presidenta del Frente Amplio, abri\u00f3 la posibilidad de una candidatura presidencial para Michelle Bachelet, mientras que su partido se compromete a buscar una candidatura competitiva y transformadora<\/p>\n","protected":false},"author":2,"featured_media":11546,"comment_status":"closed","ping_status":"open","sticky":false,"template":"","format":"standard","meta":{"_jetpack_memberships_contains_paid_content":false,"jnews-multi-image_gallery":[],"jnews_single_post":[],"jnews_primary_category":[],"jnews_social_meta":[],"jnews_paywall_metabox":[],"jnews_review":[],"enable_review":"","type":"","name":"","summary":"","brand":"","sku":"","good":[],"bad":[],"score_override":"","override_value":"","rating":[],"price":[],"jnews_override_counter":[],"jnews_post_split":[],"footnotes":""},"categories":[83],"tags":[],"class_list":["post-11547","post","type-post","status-publish","format-standard","has-post-thumbnail","hentry","category-politica"],"jetpack_featured_media_url":"https:\/\/laserenaradio.cl\/web\/wp-content\/uploads\/2025\/02\/homepiaiextractoscrapimg_webpcandidaturalasFrenteAmpliopartido_1.webp","jetpack_sharing_enabled":true,"_links":{"self":[{"href":"https:\/\/laserenaradio.cl\/web\/wp-json\/wp\/v2\/posts\/11547","targetHints":{"allow":["GET"]}}],"collection":[{"href":"https:\/\/laserenaradio.cl\/web\/wp-json\/wp\/v2\/posts"}],"about":[{"href":"https:\/\/laserenaradio.cl\/web\/wp-json\/wp\/v2\/types\/post"}],"author":[{"embeddable":true,"href":"https:\/\/laserenaradio.cl\/web\/wp-json\/wp\/v2\/users\/2"}],"replies":[{"embeddable":true,"href":"https:\/\/laserenaradio.cl\/web\/wp-json\/wp\/v2\/comments?post=11547"}],"version-history":[{"count":1,"href":"https:\/\/laserenaradio.cl\/web\/wp-json\/wp\/v2\/posts\/11547\/revisions"}],"predecessor-version":[{"id":11548,"href":"https:\/\/laserenaradio.cl\/web\/wp-json\/wp\/v2\/posts\/11547\/revisions\/11548"}],"wp:featuredmedia":[{"embeddable":true,"href":"https:\/\/laserenaradio.cl\/web\/wp-json\/wp\/v2\/media\/11546"}],"wp:attachment":[{"href":"https:\/\/laserenaradio.cl\/web\/wp-json\/wp\/v2\/media?parent=11547"}],"wp:term":[{"taxonomy":"category","embeddable":true,"href":"https:\/\/laserenaradio.cl\/web\/wp-json\/wp\/v2\/categories?post=11547"},{"taxonomy":"post_tag","embeddable":true,"href":"https:\/\/laserenaradio.cl\/web\/wp-json\/wp\/v2\/tags?post=11547"}],"curies":[{"name":"wp","href":"https:\/\/api.w.org\/{rel}","templated":true}]}}