{"id":11544,"date":"2025-02-12T14:27:44","date_gmt":"2025-02-12T17:27:44","guid":{"rendered":"https:\/\/laserenaradio.cl\/web\/?p=11544"},"modified":"2025-02-12T14:27:44","modified_gmt":"2025-02-12T17:27:44","slug":"fiscal-de-la-araucania-desmiente-hipotesis-de-participacion-de-organizaciones-criminales-en-incendios-forestales","status":"publish","type":"post","link":"https:\/\/laserenaradio.cl\/web\/2025\/02\/12\/fiscal-de-la-araucania-desmiente-hipotesis-de-participacion-de-organizaciones-criminales-en-incendios-forestales\/","title":{"rendered":"Fiscal de La Araucan\u00eda desmiente hip\u00f3tesis de participaci\u00f3n de organizaciones criminales en incendios forestales"},"content":{"rendered":"<p><b>El fiscal regional de La Araucan\u00eda, Roberto Garrido, indic\u00f3 que desde la <a href=\"https:\/\/www.fiscaliadechile.cl\/\">Fiscal\u00eda<\/a> realiza una investigaci\u00f3n espec\u00edfica sobre incendios forestales<\/b><!--more-->.<\/p>\n<p>Seg\u00fan su declaraci\u00f3n:<\/p>\n<p>Un alto porcentaje de los incendios son intencionales.<\/p>\n<p>Hasta ahora no hay evidencia de participaci\u00f3n de organizaciones criminales rurales.<\/p>\n<p>En esta temporada, 27 personas han sido involucradas en incendios, siendo 16 casos formalizados.<\/p>\n<p>La intencionalidad se relaciona m\u00e1s con el da\u00f1o directo o la causa desconocida que con disputas de tierras.<\/p>\n","protected":false},"excerpt":{"rendered":"<p>El fiscal regional de La Araucan\u00eda, Roberto Garrido, indic\u00f3 que desde la Fiscal\u00eda realiza una investigaci\u00f3n espec\u00edfica sobre incendios forestales<\/p>\n","protected":false},"author":2,"featured_media":11543,"comment_status":"closed","ping_status":"open","sticky":false,"template":"","format":"standard","meta":{"_jetpack_memberships_contains_paid_content":false,"jnews-multi-image_gallery":[],"jnews_single_post":[],"jnews_primary_category":[],"jnews_social_meta":[],"jnews_paywall_metabox":[],"jnews_review":[],"enable_review":"","type":"","name":"","summary":"","brand":"","sku":"","good":[],"bad":[],"score_override":"","override_value":"","rating":[],"price":[],"jnews_override_counter":[],"jnews_post_split":[],"footnotes":""},"categories":[21],"tags":[],"class_list":["post-11544","post","type-post","status-publish","format-standard","has-post-thumbnail","hentry","category-nacional"],"jetpack_featured_media_url":"https:\/\/laserenaradio.cl\/web\/wp-content\/uploads\/2025\/02\/homepiaiextractoscrapimg_webpincendiosforestalesorganizacionescriminales_1.webp","jetpack_sharing_enabled":true,"_links":{"self":[{"href":"https:\/\/laserenaradio.cl\/web\/wp-json\/wp\/v2\/posts\/11544","targetHints":{"allow":["GET"]}}],"collection":[{"href":"https:\/\/laserenaradio.cl\/web\/wp-json\/wp\/v2\/posts"}],"about":[{"href":"https:\/\/laserenaradio.cl\/web\/wp-json\/wp\/v2\/types\/post"}],"author":[{"embeddable":true,"href":"https:\/\/laserenaradio.cl\/web\/wp-json\/wp\/v2\/users\/2"}],"replies":[{"embeddable":true,"href":"https:\/\/laserenaradio.cl\/web\/wp-json\/wp\/v2\/comments?post=11544"}],"version-history":[{"count":1,"href":"https:\/\/laserenaradio.cl\/web\/wp-json\/wp\/v2\/posts\/11544\/revisions"}],"predecessor-version":[{"id":11545,"href":"https:\/\/laserenaradio.cl\/web\/wp-json\/wp\/v2\/posts\/11544\/revisions\/11545"}],"wp:featuredmedia":[{"embeddable":true,"href":"https:\/\/laserenaradio.cl\/web\/wp-json\/wp\/v2\/media\/11543"}],"wp:attachment":[{"href":"https:\/\/laserenaradio.cl\/web\/wp-json\/wp\/v2\/media?parent=11544"}],"wp:term":[{"taxonomy":"category","embeddable":true,"href":"https:\/\/laserenaradio.cl\/web\/wp-json\/wp\/v2\/categories?post=11544"},{"taxonomy":"post_tag","embeddable":true,"href":"https:\/\/laserenaradio.cl\/web\/wp-json\/wp\/v2\/tags?post=11544"}],"curies":[{"name":"wp","href":"https:\/\/api.w.org\/{rel}","templated":true}]}}