{"id":11538,"date":"2025-02-12T14:14:31","date_gmt":"2025-02-12T17:14:31","guid":{"rendered":"https:\/\/laserenaradio.cl\/web\/?p=11538"},"modified":"2025-02-12T14:14:31","modified_gmt":"2025-02-12T17:14:31","slug":"ruben-oyarzo-y-camila-musante-exigen-al-gobierno-respuestas-sobre-servel","status":"publish","type":"post","link":"https:\/\/laserenaradio.cl\/web\/2025\/02\/12\/ruben-oyarzo-y-camila-musante-exigen-al-gobierno-respuestas-sobre-servel\/","title":{"rendered":"Rub\u00e9n Oyarzo y Camila Musante exigen al Gobierno respuestas sobre Servel"},"content":{"rendered":"<p><b>Los diputados Rub\u00e9n Oyarzo (IND) y Camila Musante (IND-PPD) criticaron al Gobierno por la falta de nombramientos para reemplazar al presidente del Consejo Directivo del Servicio Electoral (Servel), Andr\u00e9s Tagle, a solo d\u00edas de finalizar su periodo<\/b><!--more-->.<\/p>\n<p>Tambi\u00e9n se quejaron sobre el consejero Alfredo Joignat, quien lleva casi dos a\u00f1os en una pr\u00f3rroga.<\/p>\n<p>Ambos parlamentarios acusaron al Gobierno de &#8220;amataurismo&#8221; y exigieron prontas designaciones para asegurar la estabilidad y transparencia del proceso electoral, resguardando as\u00ed la democracia.<\/p>\n","protected":false},"excerpt":{"rendered":"<p>Los diputados Rub\u00e9n Oyarzo (IND) y Camila Musante (IND-PPD) criticaron al Gobierno por la falta de nombramientos para reemplazar al presidente del Consejo Directivo del Servicio Electoral (Servel), Andr\u00e9s Tagle, a solo d\u00edas de finalizar su periodo<\/p>\n","protected":false},"author":2,"featured_media":11537,"comment_status":"closed","ping_status":"open","sticky":false,"template":"","format":"standard","meta":{"_jetpack_memberships_contains_paid_content":false,"jnews-multi-image_gallery":[],"jnews_single_post":[],"jnews_primary_category":[],"jnews_social_meta":[],"jnews_paywall_metabox":[],"jnews_review":[],"enable_review":"","type":"","name":"","summary":"","brand":"","sku":"","good":[],"bad":[],"score_override":"","override_value":"","rating":[],"price":[],"jnews_override_counter":[],"jnews_post_split":[],"footnotes":""},"categories":[83],"tags":[],"class_list":["post-11538","post","type-post","status-publish","format-standard","has-post-thumbnail","hentry","category-politica"],"jetpack_featured_media_url":"https:\/\/laserenaradio.cl\/web\/wp-content\/uploads\/2025\/02\/homepiaiextractoscrapimg_webpRubenOyarzo_1.webp","jetpack_sharing_enabled":true,"_links":{"self":[{"href":"https:\/\/laserenaradio.cl\/web\/wp-json\/wp\/v2\/posts\/11538","targetHints":{"allow":["GET"]}}],"collection":[{"href":"https:\/\/laserenaradio.cl\/web\/wp-json\/wp\/v2\/posts"}],"about":[{"href":"https:\/\/laserenaradio.cl\/web\/wp-json\/wp\/v2\/types\/post"}],"author":[{"embeddable":true,"href":"https:\/\/laserenaradio.cl\/web\/wp-json\/wp\/v2\/users\/2"}],"replies":[{"embeddable":true,"href":"https:\/\/laserenaradio.cl\/web\/wp-json\/wp\/v2\/comments?post=11538"}],"version-history":[{"count":1,"href":"https:\/\/laserenaradio.cl\/web\/wp-json\/wp\/v2\/posts\/11538\/revisions"}],"predecessor-version":[{"id":11539,"href":"https:\/\/laserenaradio.cl\/web\/wp-json\/wp\/v2\/posts\/11538\/revisions\/11539"}],"wp:featuredmedia":[{"embeddable":true,"href":"https:\/\/laserenaradio.cl\/web\/wp-json\/wp\/v2\/media\/11537"}],"wp:attachment":[{"href":"https:\/\/laserenaradio.cl\/web\/wp-json\/wp\/v2\/media?parent=11538"}],"wp:term":[{"taxonomy":"category","embeddable":true,"href":"https:\/\/laserenaradio.cl\/web\/wp-json\/wp\/v2\/categories?post=11538"},{"taxonomy":"post_tag","embeddable":true,"href":"https:\/\/laserenaradio.cl\/web\/wp-json\/wp\/v2\/tags?post=11538"}],"curies":[{"name":"wp","href":"https:\/\/api.w.org\/{rel}","templated":true}]}}