{"id":11535,"date":"2025-02-12T14:06:49","date_gmt":"2025-02-12T17:06:49","guid":{"rendered":"https:\/\/laserenaradio.cl\/web\/?p=11535"},"modified":"2025-02-12T14:06:49","modified_gmt":"2025-02-12T17:06:49","slug":"hallazgo-de-cuerpo-femenino-en-el-rio-mapocho-en-santiago","status":"publish","type":"post","link":"https:\/\/laserenaradio.cl\/web\/2025\/02\/12\/hallazgo-de-cuerpo-femenino-en-el-rio-mapocho-en-santiago\/","title":{"rendered":"Hallazgo de cuerpo femenino en el r\u00edo Mapocho en Santiago."},"content":{"rendered":"<p><b>Se encontr\u00f3 un cuerpo femenino en el lecho del r\u00edo Mapocho, cerca del Centro Cultural Estaci\u00f3n Mapocho y el Parque de Los Reyes en Santiago, durante una caminata de un transe\u00fante<\/b><!--more-->.<\/p>\n<p>El GOPE de <a href=\"https:\/\/www.carabineros.cl\/\">Carabineros<\/a> se encarg\u00f3 de la extracci\u00f3n y el procedimiento.<\/p>\n<p>Se informa que no hay lesiones evidentes por terceras personas pero s\u00ed signos de arrastre fluvial.<\/p>\n<p>La identidad del cuerpo es indeterminada (N\/N) hasta el momento, y ser\u00e1 objeto de una investigaci\u00f3n policial.<\/p>\n","protected":false},"excerpt":{"rendered":"<p>Se encontr\u00f3 un cuerpo femenino en el lecho del r\u00edo Mapocho, cerca del Centro Cultural Estaci\u00f3n Mapocho y el Parque de Los Reyes en Santiago, durante una caminata de un transe\u00fante<\/p>\n","protected":false},"author":2,"featured_media":9076,"comment_status":"closed","ping_status":"open","sticky":false,"template":"","format":"standard","meta":{"_jetpack_memberships_contains_paid_content":false,"jnews-multi-image_gallery":[],"jnews_single_post":[],"jnews_primary_category":[],"jnews_social_meta":[],"jnews_paywall_metabox":[],"jnews_review":[],"enable_review":"","type":"","name":"","summary":"","brand":"","sku":"","good":[],"bad":[],"score_override":"","override_value":"","rating":[],"price":[],"jnews_override_counter":[],"jnews_post_split":[],"footnotes":""},"categories":[21],"tags":[],"class_list":["post-11535","post","type-post","status-publish","format-standard","has-post-thumbnail","hentry","category-nacional"],"jetpack_featured_media_url":"https:\/\/laserenaradio.cl\/web\/wp-content\/uploads\/2024\/12\/laserenaradio_nacional.webp","jetpack_sharing_enabled":true,"_links":{"self":[{"href":"https:\/\/laserenaradio.cl\/web\/wp-json\/wp\/v2\/posts\/11535","targetHints":{"allow":["GET"]}}],"collection":[{"href":"https:\/\/laserenaradio.cl\/web\/wp-json\/wp\/v2\/posts"}],"about":[{"href":"https:\/\/laserenaradio.cl\/web\/wp-json\/wp\/v2\/types\/post"}],"author":[{"embeddable":true,"href":"https:\/\/laserenaradio.cl\/web\/wp-json\/wp\/v2\/users\/2"}],"replies":[{"embeddable":true,"href":"https:\/\/laserenaradio.cl\/web\/wp-json\/wp\/v2\/comments?post=11535"}],"version-history":[{"count":1,"href":"https:\/\/laserenaradio.cl\/web\/wp-json\/wp\/v2\/posts\/11535\/revisions"}],"predecessor-version":[{"id":11536,"href":"https:\/\/laserenaradio.cl\/web\/wp-json\/wp\/v2\/posts\/11535\/revisions\/11536"}],"wp:featuredmedia":[{"embeddable":true,"href":"https:\/\/laserenaradio.cl\/web\/wp-json\/wp\/v2\/media\/9076"}],"wp:attachment":[{"href":"https:\/\/laserenaradio.cl\/web\/wp-json\/wp\/v2\/media?parent=11535"}],"wp:term":[{"taxonomy":"category","embeddable":true,"href":"https:\/\/laserenaradio.cl\/web\/wp-json\/wp\/v2\/categories?post=11535"},{"taxonomy":"post_tag","embeddable":true,"href":"https:\/\/laserenaradio.cl\/web\/wp-json\/wp\/v2\/tags?post=11535"}],"curies":[{"name":"wp","href":"https:\/\/api.w.org\/{rel}","templated":true}]}}