{"id":11533,"date":"2025-02-12T13:31:53","date_gmt":"2025-02-12T16:31:53","guid":{"rendered":"https:\/\/laserenaradio.cl\/web\/?p=11533"},"modified":"2025-02-12T13:31:53","modified_gmt":"2025-02-12T16:31:53","slug":"la-exmodelo-denisse-campos-fue-detenida-por-agredir-personal-en-un-pub-en-vina-del-mar","status":"publish","type":"post","link":"https:\/\/laserenaradio.cl\/web\/2025\/02\/12\/la-exmodelo-denisse-campos-fue-detenida-por-agredir-personal-en-un-pub-en-vina-del-mar\/","title":{"rendered":"La exmodelo Denisse Campos fue detenida por agredir personal en un pub en Vi\u00f1a del Mar"},"content":{"rendered":"<p><b>Denisse Campos, exmodelo, fue detenida por <a href=\"https:\/\/www.carabineros.cl\/\">Carabineros<\/a> tras una agresi\u00f3n en un pub de Vi\u00f1a del Mar<\/b><!--more-->.<\/p>\n<p>Seg\u00fan las grabaciones, Campos insult\u00f3, amenaz\u00f3 y escupi\u00f3 al personal del Bar Moai, incluso intent\u00f3 romper una ventana y lanzar sillas a los empleados.<\/p>\n<p>Los motivos incluyen una demanda por vasos pl\u00e1sticos para pagar la cuenta y un conflicto con zapatos en las mesas.<\/p>\n<p>Campos fue acusada de amenazas de muerte y da\u00f1os y ser\u00e1 puesta a disposici\u00f3n del Ministerio P\u00fablico.<\/p>\n","protected":false},"excerpt":{"rendered":"<p>Denisse Campos, exmodelo, fue detenida por Carabineros tras una agresi\u00f3n en un pub de Vi\u00f1a del Mar<\/p>\n","protected":false},"author":2,"featured_media":11532,"comment_status":"closed","ping_status":"open","sticky":false,"template":"","format":"standard","meta":{"_jetpack_memberships_contains_paid_content":false,"jnews-multi-image_gallery":[],"jnews_single_post":[],"jnews_primary_category":[],"jnews_social_meta":[],"jnews_paywall_metabox":[],"jnews_review":[],"enable_review":"","type":"","name":"","summary":"","brand":"","sku":"","good":[],"bad":[],"score_override":"","override_value":"","rating":[],"price":[],"jnews_override_counter":[],"jnews_post_split":[],"footnotes":""},"categories":[21],"tags":[],"class_list":["post-11533","post","type-post","status-publish","format-standard","has-post-thumbnail","hentry","category-nacional"],"jetpack_featured_media_url":"https:\/\/laserenaradio.cl\/web\/wp-content\/uploads\/2025\/02\/homepiaiextractoscrapimg_webpfueDenisseCamposexmodelodetenida_0.webp","jetpack_sharing_enabled":true,"_links":{"self":[{"href":"https:\/\/laserenaradio.cl\/web\/wp-json\/wp\/v2\/posts\/11533","targetHints":{"allow":["GET"]}}],"collection":[{"href":"https:\/\/laserenaradio.cl\/web\/wp-json\/wp\/v2\/posts"}],"about":[{"href":"https:\/\/laserenaradio.cl\/web\/wp-json\/wp\/v2\/types\/post"}],"author":[{"embeddable":true,"href":"https:\/\/laserenaradio.cl\/web\/wp-json\/wp\/v2\/users\/2"}],"replies":[{"embeddable":true,"href":"https:\/\/laserenaradio.cl\/web\/wp-json\/wp\/v2\/comments?post=11533"}],"version-history":[{"count":1,"href":"https:\/\/laserenaradio.cl\/web\/wp-json\/wp\/v2\/posts\/11533\/revisions"}],"predecessor-version":[{"id":11534,"href":"https:\/\/laserenaradio.cl\/web\/wp-json\/wp\/v2\/posts\/11533\/revisions\/11534"}],"wp:featuredmedia":[{"embeddable":true,"href":"https:\/\/laserenaradio.cl\/web\/wp-json\/wp\/v2\/media\/11532"}],"wp:attachment":[{"href":"https:\/\/laserenaradio.cl\/web\/wp-json\/wp\/v2\/media?parent=11533"}],"wp:term":[{"taxonomy":"category","embeddable":true,"href":"https:\/\/laserenaradio.cl\/web\/wp-json\/wp\/v2\/categories?post=11533"},{"taxonomy":"post_tag","embeddable":true,"href":"https:\/\/laserenaradio.cl\/web\/wp-json\/wp\/v2\/tags?post=11533"}],"curies":[{"name":"wp","href":"https:\/\/api.w.org\/{rel}","templated":true}]}}