{"id":11527,"date":"2025-02-12T13:22:30","date_gmt":"2025-02-12T16:22:30","guid":{"rendered":"https:\/\/laserenaradio.cl\/web\/?p=11527"},"modified":"2025-02-12T13:22:30","modified_gmt":"2025-02-12T16:22:30","slug":"collipulli-registra-disminucion-de-incendios-forestales-y-se-prepara-querella-contra-responsables","status":"publish","type":"post","link":"https:\/\/laserenaradio.cl\/web\/2025\/02\/12\/collipulli-registra-disminucion-de-incendios-forestales-y-se-prepara-querella-contra-responsables\/","title":{"rendered":"Collipulli registra disminuci\u00f3n de incendios forestales y se prepara querella contra responsables"},"content":{"rendered":"<p><b>En Collipulli, regi\u00f3n de La Araucan\u00eda, se han registrado incendios forestales que han afectado m\u00e1s de 3000 hect\u00e1reas, principalmente a peque\u00f1os agricultores, y se cree que son intencionales<\/b><!--more-->.<\/p>\n<p>El alcalde Manuel Macaya ha informado una disminuci\u00f3n del 40% al 50% en los incendios y anunci\u00f3 la presentaci\u00f3n de una querella contra los responsables.<\/p>\n<p>Macaya tambi\u00e9n pidi\u00f3 m\u00e1s presencia policial y militar para prevenir siniestros futuros.<\/p>\n<p>La ministra del Interior, Carolina Toh\u00e1, respald\u00f3 la intenci\u00f3n criminosa de estos incendios..<\/p>\n","protected":false},"excerpt":{"rendered":"<p>En Collipulli, regi\u00f3n de La Araucan\u00eda, se han registrado incendios forestales que han afectado m\u00e1s de 3000 hect\u00e1reas, principalmente a peque\u00f1os agricultores, y se cree que son intencionales<\/p>\n","protected":false},"author":2,"featured_media":11526,"comment_status":"closed","ping_status":"open","sticky":false,"template":"","format":"standard","meta":{"_jetpack_memberships_contains_paid_content":false,"jnews-multi-image_gallery":[],"jnews_single_post":[],"jnews_primary_category":[],"jnews_social_meta":[],"jnews_paywall_metabox":[],"jnews_review":[],"enable_review":"","type":"","name":"","summary":"","brand":"","sku":"","good":[],"bad":[],"score_override":"","override_value":"","rating":[],"price":[],"jnews_override_counter":[],"jnews_post_split":[],"footnotes":""},"categories":[21],"tags":[],"class_list":["post-11527","post","type-post","status-publish","format-standard","has-post-thumbnail","hentry","category-nacional"],"jetpack_featured_media_url":"https:\/\/laserenaradio.cl\/web\/wp-content\/uploads\/2025\/02\/homepiaiextractoscrapimg_webphanforestalesquerella_0.webp","jetpack_sharing_enabled":true,"_links":{"self":[{"href":"https:\/\/laserenaradio.cl\/web\/wp-json\/wp\/v2\/posts\/11527","targetHints":{"allow":["GET"]}}],"collection":[{"href":"https:\/\/laserenaradio.cl\/web\/wp-json\/wp\/v2\/posts"}],"about":[{"href":"https:\/\/laserenaradio.cl\/web\/wp-json\/wp\/v2\/types\/post"}],"author":[{"embeddable":true,"href":"https:\/\/laserenaradio.cl\/web\/wp-json\/wp\/v2\/users\/2"}],"replies":[{"embeddable":true,"href":"https:\/\/laserenaradio.cl\/web\/wp-json\/wp\/v2\/comments?post=11527"}],"version-history":[{"count":1,"href":"https:\/\/laserenaradio.cl\/web\/wp-json\/wp\/v2\/posts\/11527\/revisions"}],"predecessor-version":[{"id":11528,"href":"https:\/\/laserenaradio.cl\/web\/wp-json\/wp\/v2\/posts\/11527\/revisions\/11528"}],"wp:featuredmedia":[{"embeddable":true,"href":"https:\/\/laserenaradio.cl\/web\/wp-json\/wp\/v2\/media\/11526"}],"wp:attachment":[{"href":"https:\/\/laserenaradio.cl\/web\/wp-json\/wp\/v2\/media?parent=11527"}],"wp:term":[{"taxonomy":"category","embeddable":true,"href":"https:\/\/laserenaradio.cl\/web\/wp-json\/wp\/v2\/categories?post=11527"},{"taxonomy":"post_tag","embeddable":true,"href":"https:\/\/laserenaradio.cl\/web\/wp-json\/wp\/v2\/tags?post=11527"}],"curies":[{"name":"wp","href":"https:\/\/api.w.org\/{rel}","templated":true}]}}