{"id":11519,"date":"2025-02-12T13:13:36","date_gmt":"2025-02-12T16:13:36","guid":{"rendered":"https:\/\/laserenaradio.cl\/web\/?p=11519"},"modified":"2025-02-12T13:13:36","modified_gmt":"2025-02-12T16:13:36","slug":"el-presidente-gabriel-boric-realizo-una-visita-rapida-por-valdivia-durante-sus-vacaciones","status":"publish","type":"post","link":"https:\/\/laserenaradio.cl\/web\/2025\/02\/12\/el-presidente-gabriel-boric-realizo-una-visita-rapida-por-valdivia-durante-sus-vacaciones\/","title":{"rendered":"El Presidente Gabriel Boric, realiz\u00f3 una visita r\u00e1pida por Valdivia durante sus vacaciones"},"content":{"rendered":"<p><b>El Presidente Gabriel Boric realiz\u00f3 una sorpresiva visita a Valdivia durante sus vacaciones legales, donde se reuni\u00f3 con la alcaldesa Carla Amtmann para discutir el proyecto del puente Cochrane<\/b><!--more-->.<\/p>\n<p>Durante su estancia, tambi\u00e9n visit\u00f3 una librer\u00eda y la costanera de la ciudad antes de regresar a sus vacaciones.<\/p>\n<p>Las conversaciones entre Boric y Amtmann enfocaron en el avance del importante proyecto para Valdivia, con el mandatario mostrando inter\u00e9s y apoyo al iniciativa.<\/p>\n","protected":false},"excerpt":{"rendered":"<p>El Presidente Gabriel Boric realiz\u00f3 una sorpresiva visita a Valdivia durante sus vacaciones legales, donde se reuni\u00f3 con la alcaldesa Carla Amtmann para discutir el proyecto del puente Cochrane<\/p>\n","protected":false},"author":2,"featured_media":11518,"comment_status":"closed","ping_status":"open","sticky":false,"template":"","format":"standard","meta":{"_jetpack_memberships_contains_paid_content":false,"jnews-multi-image_gallery":[],"jnews_single_post":[],"jnews_primary_category":[],"jnews_social_meta":[],"jnews_paywall_metabox":[],"jnews_review":[],"enable_review":"","type":"","name":"","summary":"","brand":"","sku":"","good":[],"bad":[],"score_override":"","override_value":"","rating":[],"price":[],"jnews_override_counter":[],"jnews_post_split":[],"footnotes":""},"categories":[83],"tags":[],"class_list":["post-11519","post","type-post","status-publish","format-standard","has-post-thumbnail","hentry","category-politica"],"jetpack_featured_media_url":"https:\/\/laserenaradio.cl\/web\/wp-content\/uploads\/2025\/02\/homepiaiextractoscrapimg_webpValdiviasusvacacionesvisita_1.webp","jetpack_sharing_enabled":true,"_links":{"self":[{"href":"https:\/\/laserenaradio.cl\/web\/wp-json\/wp\/v2\/posts\/11519","targetHints":{"allow":["GET"]}}],"collection":[{"href":"https:\/\/laserenaradio.cl\/web\/wp-json\/wp\/v2\/posts"}],"about":[{"href":"https:\/\/laserenaradio.cl\/web\/wp-json\/wp\/v2\/types\/post"}],"author":[{"embeddable":true,"href":"https:\/\/laserenaradio.cl\/web\/wp-json\/wp\/v2\/users\/2"}],"replies":[{"embeddable":true,"href":"https:\/\/laserenaradio.cl\/web\/wp-json\/wp\/v2\/comments?post=11519"}],"version-history":[{"count":1,"href":"https:\/\/laserenaradio.cl\/web\/wp-json\/wp\/v2\/posts\/11519\/revisions"}],"predecessor-version":[{"id":11520,"href":"https:\/\/laserenaradio.cl\/web\/wp-json\/wp\/v2\/posts\/11519\/revisions\/11520"}],"wp:featuredmedia":[{"embeddable":true,"href":"https:\/\/laserenaradio.cl\/web\/wp-json\/wp\/v2\/media\/11518"}],"wp:attachment":[{"href":"https:\/\/laserenaradio.cl\/web\/wp-json\/wp\/v2\/media?parent=11519"}],"wp:term":[{"taxonomy":"category","embeddable":true,"href":"https:\/\/laserenaradio.cl\/web\/wp-json\/wp\/v2\/categories?post=11519"},{"taxonomy":"post_tag","embeddable":true,"href":"https:\/\/laserenaradio.cl\/web\/wp-json\/wp\/v2\/tags?post=11519"}],"curies":[{"name":"wp","href":"https:\/\/api.w.org\/{rel}","templated":true}]}}