{"id":11513,"date":"2025-02-12T13:07:05","date_gmt":"2025-02-12T16:07:05","guid":{"rendered":"https:\/\/laserenaradio.cl\/web\/?p=11513"},"modified":"2025-02-12T13:07:05","modified_gmt":"2025-02-12T16:07:05","slug":"cathy-barriga-exalcaldesa-enfrenta-nuevos-delitos","status":"publish","type":"post","link":"https:\/\/laserenaradio.cl\/web\/2025\/02\/12\/cathy-barriga-exalcaldesa-enfrenta-nuevos-delitos\/","title":{"rendered":"Cathy Barriga: Exalcaldesa enfrenta nuevos delitos"},"content":{"rendered":"<p><b>La <a href=\"https:\/\/www.fiscaliadechile.cl\/\">Fiscal\u00eda<\/a> Oriente reformalizar\u00e1 a Cathy Barriga, exalcaldesa de Maip\u00fa (Chile Vamos), en prisi\u00f3n preventiva por corrupci\u00f3n.<\/b><!--more-->.<\/p>\n<p>Se a\u00f1aden acusaciones adicionales: malversaci\u00f3n de caudales p\u00fablicos (reiterada) y negociaci\u00f3n incompatible.<\/p>\n<p>Los nuevos cargos implican el uso de fondos municipales para contratar a una ni\u00f1era privadamente.<\/p>\n<p>Barriga se encuentra en su segundo periodo de prisi\u00f3n preventiva; podr\u00e1 solicitar una audiencia de revisi\u00f3n de medidas cautelares el 17 de febrero.<\/p>\n","protected":false},"excerpt":{"rendered":"<p>La Fiscal\u00eda Oriente reformalizar\u00e1 a Cathy Barriga, exalcaldesa de Maip\u00fa (Chile Vamos), en prisi\u00f3n preventiva por corrupci\u00f3n.<\/p>\n","protected":false},"author":2,"featured_media":11512,"comment_status":"closed","ping_status":"open","sticky":false,"template":"","format":"standard","meta":{"_jetpack_memberships_contains_paid_content":false,"jnews-multi-image_gallery":[],"jnews_single_post":[],"jnews_primary_category":[],"jnews_social_meta":[],"jnews_paywall_metabox":[],"jnews_review":[],"enable_review":"","type":"","name":"","summary":"","brand":"","sku":"","good":[],"bad":[],"score_override":"","override_value":"","rating":[],"price":[],"jnews_override_counter":[],"jnews_post_split":[],"footnotes":""},"categories":[83],"tags":[],"class_list":["post-11513","post","type-post","status-publish","format-standard","has-post-thumbnail","hentry","category-politica"],"jetpack_featured_media_url":"https:\/\/laserenaradio.cl\/web\/wp-content\/uploads\/2025\/02\/homepiaiextractoscrapimg_webpCathyBarriga_1.webp","jetpack_sharing_enabled":true,"_links":{"self":[{"href":"https:\/\/laserenaradio.cl\/web\/wp-json\/wp\/v2\/posts\/11513","targetHints":{"allow":["GET"]}}],"collection":[{"href":"https:\/\/laserenaradio.cl\/web\/wp-json\/wp\/v2\/posts"}],"about":[{"href":"https:\/\/laserenaradio.cl\/web\/wp-json\/wp\/v2\/types\/post"}],"author":[{"embeddable":true,"href":"https:\/\/laserenaradio.cl\/web\/wp-json\/wp\/v2\/users\/2"}],"replies":[{"embeddable":true,"href":"https:\/\/laserenaradio.cl\/web\/wp-json\/wp\/v2\/comments?post=11513"}],"version-history":[{"count":1,"href":"https:\/\/laserenaradio.cl\/web\/wp-json\/wp\/v2\/posts\/11513\/revisions"}],"predecessor-version":[{"id":11514,"href":"https:\/\/laserenaradio.cl\/web\/wp-json\/wp\/v2\/posts\/11513\/revisions\/11514"}],"wp:featuredmedia":[{"embeddable":true,"href":"https:\/\/laserenaradio.cl\/web\/wp-json\/wp\/v2\/media\/11512"}],"wp:attachment":[{"href":"https:\/\/laserenaradio.cl\/web\/wp-json\/wp\/v2\/media?parent=11513"}],"wp:term":[{"taxonomy":"category","embeddable":true,"href":"https:\/\/laserenaradio.cl\/web\/wp-json\/wp\/v2\/categories?post=11513"},{"taxonomy":"post_tag","embeddable":true,"href":"https:\/\/laserenaradio.cl\/web\/wp-json\/wp\/v2\/tags?post=11513"}],"curies":[{"name":"wp","href":"https:\/\/api.w.org\/{rel}","templated":true}]}}