{"id":11508,"date":"2025-02-12T09:21:41","date_gmt":"2025-02-12T12:21:41","guid":{"rendered":"https:\/\/laserenaradio.cl\/web\/?p=11508"},"modified":"2025-02-12T09:21:41","modified_gmt":"2025-02-12T12:21:41","slug":"autora-o-complice-la-diputada-catalina-perez-en-el-centro-del-debate-por-presunta-participacion-en-caso-democracia-viva","status":"publish","type":"post","link":"https:\/\/laserenaradio.cl\/web\/2025\/02\/12\/autora-o-complice-la-diputada-catalina-perez-en-el-centro-del-debate-por-presunta-participacion-en-caso-democracia-viva\/","title":{"rendered":"\u00bfAutora o c\u00f3mplice? La diputada Catalina P\u00e9rez en el centro del debate por presunta participaci\u00f3n en caso Democracia Viva"},"content":{"rendered":"<p><b>La diputada y exmilitante del Frente Amplio, Catalina P\u00e9rez, fue desaforada por el Tribunal Pleno de la Corte de Apelaciones de Antofagasta debido a su presunta participaci\u00f3n en el caso Democracia Viva, donde se le imputan delitos de fraude al fisco<\/b><!--more-->.<\/p>\n<p>El Ministerio P\u00fablico califica a P\u00e9rez como autora del delito, mientras que el Consejo de Defensa del Estado (CDE) la considera c\u00f3mplice.<\/p>\n<p>Esta discrepancia gener\u00f3 un debate sobre su grado de participaci\u00f3n en los il\u00edcitos.<\/p>\n<p>El fiscal Cristian Aguilar atribuy\u00f3 tres delitos de fraude al fisco a P\u00e9rez por su papel en mantener secretos convenios y facilitar el acceso a fondos, lo que la califica como autora.<\/p>\n<p>En contraste, el CDE la considera c\u00f3mplice.<\/p>\n<p>Diferentes expertos destacaron que estas divergencias podr\u00edan afectar las medidas cautelares en una eventual formalizaci\u00f3n de los cargos.<\/p>\n<p>La <a href=\"https:\/\/www.fiscaliadechile.cl\/\">Fiscal\u00eda<\/a> determinar\u00e1 la calificaci\u00f3n jur\u00eddica definitiva, aunque esta puede influir en la decisi\u00f3n del tribunal sobre medidas cautelares.<\/p>\n","protected":false},"excerpt":{"rendered":"<p>La diputada y exmilitante del Frente Amplio, Catalina P\u00e9rez, fue desaforada por el Tribunal Pleno de la Corte de Apelaciones de Antofagasta debido a su presunta participaci\u00f3n en el caso Democracia Viva, donde se le imputan delitos de fraude al fisco<\/p>\n","protected":false},"author":2,"featured_media":11507,"comment_status":"closed","ping_status":"open","sticky":false,"template":"","format":"standard","meta":{"_jetpack_memberships_contains_paid_content":false,"jnews-multi-image_gallery":[],"jnews_single_post":[],"jnews_primary_category":[],"jnews_social_meta":[],"jnews_paywall_metabox":[],"jnews_review":[],"enable_review":"","type":"","name":"","summary":"","brand":"","sku":"","good":[],"bad":[],"score_override":"","override_value":"","rating":[],"price":[],"jnews_override_counter":[],"jnews_post_split":[],"footnotes":""},"categories":[83],"tags":[],"class_list":["post-11508","post","type-post","status-publish","format-standard","has-post-thumbnail","hentry","category-politica"],"jetpack_featured_media_url":"https:\/\/laserenaradio.cl\/web\/wp-content\/uploads\/2025\/02\/homepiaiextractoscrapimg_webpdiputadaCatalinapresuntacaso_1.webp","jetpack_sharing_enabled":true,"_links":{"self":[{"href":"https:\/\/laserenaradio.cl\/web\/wp-json\/wp\/v2\/posts\/11508","targetHints":{"allow":["GET"]}}],"collection":[{"href":"https:\/\/laserenaradio.cl\/web\/wp-json\/wp\/v2\/posts"}],"about":[{"href":"https:\/\/laserenaradio.cl\/web\/wp-json\/wp\/v2\/types\/post"}],"author":[{"embeddable":true,"href":"https:\/\/laserenaradio.cl\/web\/wp-json\/wp\/v2\/users\/2"}],"replies":[{"embeddable":true,"href":"https:\/\/laserenaradio.cl\/web\/wp-json\/wp\/v2\/comments?post=11508"}],"version-history":[{"count":1,"href":"https:\/\/laserenaradio.cl\/web\/wp-json\/wp\/v2\/posts\/11508\/revisions"}],"predecessor-version":[{"id":11509,"href":"https:\/\/laserenaradio.cl\/web\/wp-json\/wp\/v2\/posts\/11508\/revisions\/11509"}],"wp:featuredmedia":[{"embeddable":true,"href":"https:\/\/laserenaradio.cl\/web\/wp-json\/wp\/v2\/media\/11507"}],"wp:attachment":[{"href":"https:\/\/laserenaradio.cl\/web\/wp-json\/wp\/v2\/media?parent=11508"}],"wp:term":[{"taxonomy":"category","embeddable":true,"href":"https:\/\/laserenaradio.cl\/web\/wp-json\/wp\/v2\/categories?post=11508"},{"taxonomy":"post_tag","embeddable":true,"href":"https:\/\/laserenaradio.cl\/web\/wp-json\/wp\/v2\/tags?post=11508"}],"curies":[{"name":"wp","href":"https:\/\/api.w.org\/{rel}","templated":true}]}}