{"id":11505,"date":"2025-02-12T09:19:14","date_gmt":"2025-02-12T12:19:14","guid":{"rendered":"https:\/\/laserenaradio.cl\/web\/?p=11505"},"modified":"2025-02-12T09:19:14","modified_gmt":"2025-02-12T12:19:14","slug":"un-fuerte-espaldarazo-para-damian-pizarro","status":"publish","type":"post","link":"https:\/\/laserenaradio.cl\/web\/2025\/02\/12\/un-fuerte-espaldarazo-para-damian-pizarro\/","title":{"rendered":"Un fuerte espaldarazo para Dami\u00e1n Pizarro"},"content":{"rendered":"<p><b>Dami\u00e1n Pizarro, jugador de la selecci\u00f3n chilena Sub-20 y del Udinese, ha sido objeto de cr\u00edticas debido a su opaco desempe\u00f1o en el Sudamericano, donde a\u00fan no ha marcado goles ni sumado asistencias tras siete encuentros<\/b><!--more-->.<\/p>\n<p>En un partido reciente, Pizarro rompi\u00f3 en llanto y necesit\u00f3 consuelo del cuerpo t\u00e9cnico y compa\u00f1eros.<\/p>\n<p>Un excompa\u00f1ero suyo en Colo Colo, Pablo Parra, lo defiende, indicando que el jugador es extraordinario pero joven y necesita tiempo para madurar.<\/p>\n<p>La pr\u00f3xima fecha del hexagonal final ser\u00e1 contra Colombia el 13 de febrero.<\/p>\n","protected":false},"excerpt":{"rendered":"<p>Dami\u00e1n Pizarro, jugador de la selecci\u00f3n chilena Sub-20 y del Udinese, ha sido objeto de cr\u00edticas debido a su opaco desempe\u00f1o en el Sudamericano, donde a\u00fan no ha marcado goles ni sumado asistencias tras siete encuentros<\/p>\n","protected":false},"author":2,"featured_media":11504,"comment_status":"closed","ping_status":"open","sticky":false,"template":"","format":"standard","meta":{"_jetpack_memberships_contains_paid_content":false,"jnews-multi-image_gallery":[],"jnews_single_post":[],"jnews_primary_category":[],"jnews_social_meta":[],"jnews_paywall_metabox":[],"jnews_review":[],"enable_review":"","type":"","name":"","summary":"","brand":"","sku":"","good":[],"bad":[],"score_override":"","override_value":"","rating":[],"price":[],"jnews_override_counter":[],"jnews_post_split":[],"footnotes":""},"categories":[84],"tags":[],"class_list":["post-11505","post","type-post","status-publish","format-standard","has-post-thumbnail","hentry","category-deportes"],"jetpack_featured_media_url":"https:\/\/laserenaradio.cl\/web\/wp-content\/uploads\/2025\/02\/homepiaiextractoscrapimg_webpPizarrojugadorchilenaSub_1.webp","jetpack_sharing_enabled":true,"_links":{"self":[{"href":"https:\/\/laserenaradio.cl\/web\/wp-json\/wp\/v2\/posts\/11505","targetHints":{"allow":["GET"]}}],"collection":[{"href":"https:\/\/laserenaradio.cl\/web\/wp-json\/wp\/v2\/posts"}],"about":[{"href":"https:\/\/laserenaradio.cl\/web\/wp-json\/wp\/v2\/types\/post"}],"author":[{"embeddable":true,"href":"https:\/\/laserenaradio.cl\/web\/wp-json\/wp\/v2\/users\/2"}],"replies":[{"embeddable":true,"href":"https:\/\/laserenaradio.cl\/web\/wp-json\/wp\/v2\/comments?post=11505"}],"version-history":[{"count":1,"href":"https:\/\/laserenaradio.cl\/web\/wp-json\/wp\/v2\/posts\/11505\/revisions"}],"predecessor-version":[{"id":11506,"href":"https:\/\/laserenaradio.cl\/web\/wp-json\/wp\/v2\/posts\/11505\/revisions\/11506"}],"wp:featuredmedia":[{"embeddable":true,"href":"https:\/\/laserenaradio.cl\/web\/wp-json\/wp\/v2\/media\/11504"}],"wp:attachment":[{"href":"https:\/\/laserenaradio.cl\/web\/wp-json\/wp\/v2\/media?parent=11505"}],"wp:term":[{"taxonomy":"category","embeddable":true,"href":"https:\/\/laserenaradio.cl\/web\/wp-json\/wp\/v2\/categories?post=11505"},{"taxonomy":"post_tag","embeddable":true,"href":"https:\/\/laserenaradio.cl\/web\/wp-json\/wp\/v2\/tags?post=11505"}],"curies":[{"name":"wp","href":"https:\/\/api.w.org\/{rel}","templated":true}]}}