{"id":11502,"date":"2025-02-12T09:16:40","date_gmt":"2025-02-12T12:16:40","guid":{"rendered":"https:\/\/laserenaradio.cl\/web\/?p=11502"},"modified":"2025-02-12T09:16:40","modified_gmt":"2025-02-12T12:16:40","slug":"damnificados-del-megaincendio-en-valparaiso-mantienen-huelga-de-hambre-por-falta-de-soluciones-habitacionales-y-restitucion-de-beneficios","status":"publish","type":"post","link":"https:\/\/laserenaradio.cl\/web\/2025\/02\/12\/damnificados-del-megaincendio-en-valparaiso-mantienen-huelga-de-hambre-por-falta-de-soluciones-habitacionales-y-restitucion-de-beneficios\/","title":{"rendered":"Damnificados del megaincendio en Valpara\u00edso mantienen huelga de hambre por falta de soluciones habitacionales y restituci\u00f3n de beneficios"},"content":{"rendered":"<p><b>Los damnificados del megaincendio en Vi\u00f1a del Mar (Valpara\u00edso) realizaron una manifestaci\u00f3n al exterior del municipio para exigir soluciones habitacionales y la restituci\u00f3n de un bono de acogida universal<\/b><!--more-->.<\/p>\n<p>En noveno d\u00eda de huelga de hambre, cuatro personas contin\u00faan en la ciudad jard\u00edn y uno se retir\u00f3 por motivos de salud en Quilpu\u00e9.<\/p>\n<p>Tiare Olivares denuncia falta de respuestas del municipio.<\/p>\n<p>Luciano Quintana, l\u00edder de la huelga, explica que los participantes rechazan atenci\u00f3n m\u00e9dica y no descartan una huelga seca si no hay avances.<\/p>\n<p>Amanda Guerra, presidenta de la ONG Sobrevivientes Megaincendio 2 y 3 de febrero, afirma que m\u00e1s de 20 personas apoyan la protesta para ejercer mayor presi\u00f3n a las autoridades.<\/p>\n","protected":false},"excerpt":{"rendered":"<p>Los damnificados del megaincendio en Vi\u00f1a del Mar (Valpara\u00edso) realizaron una manifestaci\u00f3n al exterior del municipio para exigir soluciones habitacionales y la restituci\u00f3n de un bono de acogida universal<\/p>\n","protected":false},"author":2,"featured_media":11501,"comment_status":"closed","ping_status":"open","sticky":false,"template":"","format":"standard","meta":{"_jetpack_memberships_contains_paid_content":false,"jnews-multi-image_gallery":[],"jnews_single_post":[],"jnews_primary_category":[],"jnews_social_meta":[],"jnews_paywall_metabox":[],"jnews_review":[],"enable_review":"","type":"","name":"","summary":"","brand":"","sku":"","good":[],"bad":[],"score_override":"","override_value":"","rating":[],"price":[],"jnews_override_counter":[],"jnews_post_split":[],"footnotes":""},"categories":[21],"tags":[],"class_list":["post-11502","post","type-post","status-publish","format-standard","has-post-thumbnail","hentry","category-nacional"],"jetpack_featured_media_url":"https:\/\/laserenaradio.cl\/web\/wp-content\/uploads\/2025\/02\/homepiaiextractoscrapimg_webphuelgamegaincendiomunicipiosoluciones_1.webp","jetpack_sharing_enabled":true,"_links":{"self":[{"href":"https:\/\/laserenaradio.cl\/web\/wp-json\/wp\/v2\/posts\/11502","targetHints":{"allow":["GET"]}}],"collection":[{"href":"https:\/\/laserenaradio.cl\/web\/wp-json\/wp\/v2\/posts"}],"about":[{"href":"https:\/\/laserenaradio.cl\/web\/wp-json\/wp\/v2\/types\/post"}],"author":[{"embeddable":true,"href":"https:\/\/laserenaradio.cl\/web\/wp-json\/wp\/v2\/users\/2"}],"replies":[{"embeddable":true,"href":"https:\/\/laserenaradio.cl\/web\/wp-json\/wp\/v2\/comments?post=11502"}],"version-history":[{"count":1,"href":"https:\/\/laserenaradio.cl\/web\/wp-json\/wp\/v2\/posts\/11502\/revisions"}],"predecessor-version":[{"id":11503,"href":"https:\/\/laserenaradio.cl\/web\/wp-json\/wp\/v2\/posts\/11502\/revisions\/11503"}],"wp:featuredmedia":[{"embeddable":true,"href":"https:\/\/laserenaradio.cl\/web\/wp-json\/wp\/v2\/media\/11501"}],"wp:attachment":[{"href":"https:\/\/laserenaradio.cl\/web\/wp-json\/wp\/v2\/media?parent=11502"}],"wp:term":[{"taxonomy":"category","embeddable":true,"href":"https:\/\/laserenaradio.cl\/web\/wp-json\/wp\/v2\/categories?post=11502"},{"taxonomy":"post_tag","embeddable":true,"href":"https:\/\/laserenaradio.cl\/web\/wp-json\/wp\/v2\/tags?post=11502"}],"curies":[{"name":"wp","href":"https:\/\/api.w.org\/{rel}","templated":true}]}}