{"id":11499,"date":"2025-02-12T09:12:50","date_gmt":"2025-02-12T12:12:50","guid":{"rendered":"https:\/\/laserenaradio.cl\/web\/?p=11499"},"modified":"2025-02-12T09:12:50","modified_gmt":"2025-02-12T12:12:50","slug":"alcaldesa-de-valparaiso-participa-en-accidente-de-transito","status":"publish","type":"post","link":"https:\/\/laserenaradio.cl\/web\/2025\/02\/12\/alcaldesa-de-valparaiso-participa-en-accidente-de-transito\/","title":{"rendered":"Alcaldesa de Valpara\u00edso participa en accidente de tr\u00e1nsito"},"content":{"rendered":"<p><b>La alcaldesa de Valpara\u00edso, Camila Nieto, y su chofer sufrieron un accidente automovil\u00edstico la noche del martes<\/b><!--more-->.<\/p>\n<p>La alcaldesa present\u00f3 dolor en el cuello y el chofer una contusi\u00f3n leve; el conductor del otro veh\u00edculo no result\u00f3 herido.<\/p>\n","protected":false},"excerpt":{"rendered":"<p>La alcaldesa de Valpara\u00edso, Camila Nieto, y su chofer sufrieron un accidente automovil\u00edstico la noche del martes<\/p>\n","protected":false},"author":2,"featured_media":11498,"comment_status":"closed","ping_status":"open","sticky":false,"template":"","format":"standard","meta":{"_jetpack_memberships_contains_paid_content":false,"jnews-multi-image_gallery":[],"jnews_single_post":[],"jnews_primary_category":[],"jnews_social_meta":[],"jnews_paywall_metabox":[],"jnews_review":[],"enable_review":"","type":"","name":"","summary":"","brand":"","sku":"","good":[],"bad":[],"score_override":"","override_value":"","rating":[],"price":[],"jnews_override_counter":[],"jnews_post_split":[],"footnotes":""},"categories":[21],"tags":[],"class_list":["post-11499","post","type-post","status-publish","format-standard","has-post-thumbnail","hentry","category-nacional"],"jetpack_featured_media_url":"https:\/\/laserenaradio.cl\/web\/wp-content\/uploads\/2025\/02\/homepiaiextractoscrapimg_webpchoferCamilaNietosufrieron_1.webp","jetpack_sharing_enabled":true,"_links":{"self":[{"href":"https:\/\/laserenaradio.cl\/web\/wp-json\/wp\/v2\/posts\/11499","targetHints":{"allow":["GET"]}}],"collection":[{"href":"https:\/\/laserenaradio.cl\/web\/wp-json\/wp\/v2\/posts"}],"about":[{"href":"https:\/\/laserenaradio.cl\/web\/wp-json\/wp\/v2\/types\/post"}],"author":[{"embeddable":true,"href":"https:\/\/laserenaradio.cl\/web\/wp-json\/wp\/v2\/users\/2"}],"replies":[{"embeddable":true,"href":"https:\/\/laserenaradio.cl\/web\/wp-json\/wp\/v2\/comments?post=11499"}],"version-history":[{"count":1,"href":"https:\/\/laserenaradio.cl\/web\/wp-json\/wp\/v2\/posts\/11499\/revisions"}],"predecessor-version":[{"id":11500,"href":"https:\/\/laserenaradio.cl\/web\/wp-json\/wp\/v2\/posts\/11499\/revisions\/11500"}],"wp:featuredmedia":[{"embeddable":true,"href":"https:\/\/laserenaradio.cl\/web\/wp-json\/wp\/v2\/media\/11498"}],"wp:attachment":[{"href":"https:\/\/laserenaradio.cl\/web\/wp-json\/wp\/v2\/media?parent=11499"}],"wp:term":[{"taxonomy":"category","embeddable":true,"href":"https:\/\/laserenaradio.cl\/web\/wp-json\/wp\/v2\/categories?post=11499"},{"taxonomy":"post_tag","embeddable":true,"href":"https:\/\/laserenaradio.cl\/web\/wp-json\/wp\/v2\/tags?post=11499"}],"curies":[{"name":"wp","href":"https:\/\/api.w.org\/{rel}","templated":true}]}}