{"id":11493,"date":"2025-02-12T00:08:22","date_gmt":"2025-02-12T03:08:22","guid":{"rendered":"https:\/\/laserenaradio.cl\/web\/?p=11493"},"modified":"2025-02-12T00:08:22","modified_gmt":"2025-02-12T03:08:22","slug":"la-calificacion-penal-de-catalina-perez-y-su-grado-de-participacion-en-democracia-viva-un-analisis-complejo","status":"publish","type":"post","link":"https:\/\/laserenaradio.cl\/web\/2025\/02\/12\/la-calificacion-penal-de-catalina-perez-y-su-grado-de-participacion-en-democracia-viva-un-analisis-complejo\/","title":{"rendered":"La calificaci\u00f3n penal de Catalina P\u00e9rez y su grado de participaci\u00f3n en Democracia Viva: un an\u00e1lisis complejo"},"content":{"rendered":"<p><b>La diputada exmilitante del Frente Amplio Catalina P\u00e9rez fue desaforada por su participaci\u00f3n en el caso Democracia Viva<\/b><!--more-->.<\/p>\n<p>El Ministerio P\u00fablico la califica como &#8220;autora&#8221; del fraude al fisco reiterado, mientras que el Consejo de Defensa del Estado (CDE) la considera solo &#8220;c\u00f3mplice&#8221;.<\/p>\n<p>Esta diferencia en las calificaciones puede influir en la gravedad de la pena y en cualquier discusi\u00f3n sobre medidas cautelares.<\/p>\n<p>Expertos opinan que esta discrepancia no deber\u00eda afectar a la inminente formalizaci\u00f3n del caso, pero s\u00ed cambia la prognosis de sentencia.<\/p>\n","protected":false},"excerpt":{"rendered":"<p>La diputada exmilitante del Frente Amplio Catalina P\u00e9rez fue desaforada por su participaci\u00f3n en el caso Democracia Viva<\/p>\n","protected":false},"author":2,"featured_media":11492,"comment_status":"closed","ping_status":"open","sticky":false,"template":"","format":"standard","meta":{"_jetpack_memberships_contains_paid_content":false,"jnews-multi-image_gallery":[],"jnews_single_post":[],"jnews_primary_category":[],"jnews_social_meta":[],"jnews_paywall_metabox":[],"jnews_review":[],"enable_review":"","type":"","name":"","summary":"","brand":"","sku":"","good":[],"bad":[],"score_override":"","override_value":"","rating":[],"price":[],"jnews_override_counter":[],"jnews_post_split":[],"footnotes":""},"categories":[83],"tags":[],"class_list":["post-11493","post","type-post","status-publish","format-standard","has-post-thumbnail","hentry","category-politica"],"jetpack_featured_media_url":"https:\/\/laserenaradio.cl\/web\/wp-content\/uploads\/2025\/02\/homepiaiextractoscrapimg_webpcasoDemocraciaVivaResumendiputada_1.webp","jetpack_sharing_enabled":true,"_links":{"self":[{"href":"https:\/\/laserenaradio.cl\/web\/wp-json\/wp\/v2\/posts\/11493","targetHints":{"allow":["GET"]}}],"collection":[{"href":"https:\/\/laserenaradio.cl\/web\/wp-json\/wp\/v2\/posts"}],"about":[{"href":"https:\/\/laserenaradio.cl\/web\/wp-json\/wp\/v2\/types\/post"}],"author":[{"embeddable":true,"href":"https:\/\/laserenaradio.cl\/web\/wp-json\/wp\/v2\/users\/2"}],"replies":[{"embeddable":true,"href":"https:\/\/laserenaradio.cl\/web\/wp-json\/wp\/v2\/comments?post=11493"}],"version-history":[{"count":1,"href":"https:\/\/laserenaradio.cl\/web\/wp-json\/wp\/v2\/posts\/11493\/revisions"}],"predecessor-version":[{"id":11494,"href":"https:\/\/laserenaradio.cl\/web\/wp-json\/wp\/v2\/posts\/11493\/revisions\/11494"}],"wp:featuredmedia":[{"embeddable":true,"href":"https:\/\/laserenaradio.cl\/web\/wp-json\/wp\/v2\/media\/11492"}],"wp:attachment":[{"href":"https:\/\/laserenaradio.cl\/web\/wp-json\/wp\/v2\/media?parent=11493"}],"wp:term":[{"taxonomy":"category","embeddable":true,"href":"https:\/\/laserenaradio.cl\/web\/wp-json\/wp\/v2\/categories?post=11493"},{"taxonomy":"post_tag","embeddable":true,"href":"https:\/\/laserenaradio.cl\/web\/wp-json\/wp\/v2\/tags?post=11493"}],"curies":[{"name":"wp","href":"https:\/\/api.w.org\/{rel}","templated":true}]}}