{"id":11490,"date":"2025-02-12T00:04:52","date_gmt":"2025-02-12T03:04:52","guid":{"rendered":"https:\/\/laserenaradio.cl\/web\/?p=11490"},"modified":"2025-02-12T00:04:52","modified_gmt":"2025-02-12T03:04:52","slug":"muere-un-hombre-durante-detencion-ciudadana-y-traslado-policial-en-vina-del-mar","status":"publish","type":"post","link":"https:\/\/laserenaradio.cl\/web\/2025\/02\/12\/muere-un-hombre-durante-detencion-ciudadana-y-traslado-policial-en-vina-del-mar\/","title":{"rendered":"Muere un hombre durante detenci\u00f3n ciudadana y traslado policial en Vi\u00f1a del Mar"},"content":{"rendered":"<p><b>Un hombre falleci\u00f3 tras una detenci\u00f3n ciudadana en Valpara\u00edso Sporting, Vi\u00f1a del Mar<\/b><!--more-->.<\/p>\n<p>Despu\u00e9s de ser trasladado por <a href=\"https:\/\/www.carabineros.cl\/\">Carabineros<\/a> al SAPU de Miraflores, un equipo m\u00e9dico constat\u00f3 su muerte.<\/p>\n<p>La causa oficial preliminar es natural, pero el Ministerio P\u00fablico solicit\u00f3 la intervenci\u00f3n de la Brigada de Homicidios y aplic\u00f3 el protocolo Minnesota para investigar m\u00e1s profundamente.<\/p>\n<p><a href=\"https:\/\/www.carabineros.cl\/\">Carabineros<\/a> inform\u00f3 que trasladaron al detenido en carro policial y est\u00e1n realizando una investigaci\u00f3n interna.<\/p>\n","protected":false},"excerpt":{"rendered":"<p>Un hombre falleci\u00f3 tras una detenci\u00f3n ciudadana en Valpara\u00edso Sporting, Vi\u00f1a del Mar<\/p>\n","protected":false},"author":2,"featured_media":9078,"comment_status":"closed","ping_status":"open","sticky":false,"template":"","format":"standard","meta":{"_jetpack_memberships_contains_paid_content":false,"jnews-multi-image_gallery":[],"jnews_single_post":[],"jnews_primary_category":[],"jnews_social_meta":[],"jnews_paywall_metabox":[],"jnews_review":[],"enable_review":"","type":"","name":"","summary":"","brand":"","sku":"","good":[],"bad":[],"score_override":"","override_value":"","rating":[],"price":[],"jnews_override_counter":[],"jnews_post_split":[],"footnotes":""},"categories":[21],"tags":[],"class_list":["post-11490","post","type-post","status-publish","format-standard","has-post-thumbnail","hentry","category-nacional"],"jetpack_featured_media_url":"https:\/\/laserenaradio.cl\/web\/wp-content\/uploads\/2024\/12\/laserenaradio_ultimo_minuto.webp","jetpack_sharing_enabled":true,"_links":{"self":[{"href":"https:\/\/laserenaradio.cl\/web\/wp-json\/wp\/v2\/posts\/11490","targetHints":{"allow":["GET"]}}],"collection":[{"href":"https:\/\/laserenaradio.cl\/web\/wp-json\/wp\/v2\/posts"}],"about":[{"href":"https:\/\/laserenaradio.cl\/web\/wp-json\/wp\/v2\/types\/post"}],"author":[{"embeddable":true,"href":"https:\/\/laserenaradio.cl\/web\/wp-json\/wp\/v2\/users\/2"}],"replies":[{"embeddable":true,"href":"https:\/\/laserenaradio.cl\/web\/wp-json\/wp\/v2\/comments?post=11490"}],"version-history":[{"count":1,"href":"https:\/\/laserenaradio.cl\/web\/wp-json\/wp\/v2\/posts\/11490\/revisions"}],"predecessor-version":[{"id":11491,"href":"https:\/\/laserenaradio.cl\/web\/wp-json\/wp\/v2\/posts\/11490\/revisions\/11491"}],"wp:featuredmedia":[{"embeddable":true,"href":"https:\/\/laserenaradio.cl\/web\/wp-json\/wp\/v2\/media\/9078"}],"wp:attachment":[{"href":"https:\/\/laserenaradio.cl\/web\/wp-json\/wp\/v2\/media?parent=11490"}],"wp:term":[{"taxonomy":"category","embeddable":true,"href":"https:\/\/laserenaradio.cl\/web\/wp-json\/wp\/v2\/categories?post=11490"},{"taxonomy":"post_tag","embeddable":true,"href":"https:\/\/laserenaradio.cl\/web\/wp-json\/wp\/v2\/tags?post=11490"}],"curies":[{"name":"wp","href":"https:\/\/api.w.org\/{rel}","templated":true}]}}