{"id":11488,"date":"2025-02-11T23:54:59","date_gmt":"2025-02-12T02:54:59","guid":{"rendered":"https:\/\/laserenaradio.cl\/web\/?p=11488"},"modified":"2025-02-11T23:54:59","modified_gmt":"2025-02-12T02:54:59","slug":"detenidos-por-red-criminal-dos-sujetos-con-amplio-prontuario-delictual-quedaron-en-prision-preventiva","status":"publish","type":"post","link":"https:\/\/laserenaradio.cl\/web\/2025\/02\/11\/detenidos-por-red-criminal-dos-sujetos-con-amplio-prontuario-delictual-quedaron-en-prision-preventiva\/","title":{"rendered":"Detenidos por &#8216;red criminal&#8217;: dos sujetos con amplio prontuario delictual quedaron en prisi\u00f3n preventiva"},"content":{"rendered":"<p><b>Un operativo conjunto entre la <a href=\"https:\/\/www.fiscaliadechile.cl\/\">Fiscal\u00eda<\/a> Regional y la Secci\u00f3n OS9 de <a href=\"https:\/\/www.carabineros.cl\/\">Carabineros<\/a> result\u00f3 en la captura de dos individuos con extensos antecedentes criminales en Antofagasta<\/b><!--more-->.<\/p>\n<p>Se incautaron armas de fuego, municiones, drogas y dinero en efectivo.<\/p>\n<p>Los imputados fueron formalizados y se les impuso prisi\u00f3n preventiva para ambos, debido al riesgo que representan para la seguridad p\u00fablica.<\/p>\n<p>El caso contin\u00faa bajo investigaci\u00f3n con un plazo de 70 d\u00edas para recopilar m\u00e1s informaci\u00f3n sobre su participaci\u00f3n en una red criminal.<\/p>\n","protected":false},"excerpt":{"rendered":"<p>Un operativo conjunto entre la Fiscal\u00eda Regional y la Secci\u00f3n OS9 de Carabineros result\u00f3 en la captura de dos individuos con extensos antecedentes criminales en Antofagasta<\/p>\n","protected":false},"author":2,"featured_media":11487,"comment_status":"closed","ping_status":"open","sticky":false,"template":"","format":"standard","meta":{"_jetpack_memberships_contains_paid_content":false,"jnews-multi-image_gallery":[],"jnews_single_post":[],"jnews_primary_category":[],"jnews_social_meta":[],"jnews_paywall_metabox":[],"jnews_review":[],"enable_review":"","type":"","name":"","summary":"","brand":"","sku":"","good":[],"bad":[],"score_override":"","override_value":"","rating":[],"price":[],"jnews_override_counter":[],"jnews_post_split":[],"footnotes":""},"categories":[21],"tags":[],"class_list":["post-11488","post","type-post","status-publish","format-standard","has-post-thumbnail","hentry","category-nacional"],"jetpack_featured_media_url":"https:\/\/laserenaradio.cl\/web\/wp-content\/uploads\/2025\/02\/homepiaiextractoscrapimg_webpDetenidoscriminal_0.webp","jetpack_sharing_enabled":true,"_links":{"self":[{"href":"https:\/\/laserenaradio.cl\/web\/wp-json\/wp\/v2\/posts\/11488","targetHints":{"allow":["GET"]}}],"collection":[{"href":"https:\/\/laserenaradio.cl\/web\/wp-json\/wp\/v2\/posts"}],"about":[{"href":"https:\/\/laserenaradio.cl\/web\/wp-json\/wp\/v2\/types\/post"}],"author":[{"embeddable":true,"href":"https:\/\/laserenaradio.cl\/web\/wp-json\/wp\/v2\/users\/2"}],"replies":[{"embeddable":true,"href":"https:\/\/laserenaradio.cl\/web\/wp-json\/wp\/v2\/comments?post=11488"}],"version-history":[{"count":1,"href":"https:\/\/laserenaradio.cl\/web\/wp-json\/wp\/v2\/posts\/11488\/revisions"}],"predecessor-version":[{"id":11489,"href":"https:\/\/laserenaradio.cl\/web\/wp-json\/wp\/v2\/posts\/11488\/revisions\/11489"}],"wp:featuredmedia":[{"embeddable":true,"href":"https:\/\/laserenaradio.cl\/web\/wp-json\/wp\/v2\/media\/11487"}],"wp:attachment":[{"href":"https:\/\/laserenaradio.cl\/web\/wp-json\/wp\/v2\/media?parent=11488"}],"wp:term":[{"taxonomy":"category","embeddable":true,"href":"https:\/\/laserenaradio.cl\/web\/wp-json\/wp\/v2\/categories?post=11488"},{"taxonomy":"post_tag","embeddable":true,"href":"https:\/\/laserenaradio.cl\/web\/wp-json\/wp\/v2\/tags?post=11488"}],"curies":[{"name":"wp","href":"https:\/\/api.w.org\/{rel}","templated":true}]}}