{"id":11484,"date":"2025-02-11T21:48:07","date_gmt":"2025-02-12T00:48:07","guid":{"rendered":"https:\/\/laserenaradio.cl\/web\/?p=11484"},"modified":"2025-02-11T21:48:07","modified_gmt":"2025-02-12T00:48:07","slug":"insulza-elijamos-ya-nuestro-candidato-presidencial","status":"publish","type":"post","link":"https:\/\/laserenaradio.cl\/web\/2025\/02\/11\/insulza-elijamos-ya-nuestro-candidato-presidencial\/","title":{"rendered":"Insulza: &#8216;Elijamos ya nuestro candidato presidencial&#8217;"},"content":{"rendered":"<p><b>El senador Jos\u00e9 Miguel Insulza (PS) critic\u00f3 al oficialismo por la demora en elegir un candidato presidencial para las elecciones de fin de a\u00f1o<\/b><!--more-->.<\/p>\n<p>Insulza afirm\u00f3 que el centroizquierda chileno carece de candidatos formales, mencionando solo a Vlado Mirosevic.<\/p>\n<p>Sugiri\u00f3 que demorar la decisi\u00f3n dificulta la toma de una opci\u00f3n y recomienda elegir un candidato cuanto antes. Adem\u00e1s, se\u00f1al\u00f3 que la presencia de Sebasti\u00e1n Pi\u00f1era podr\u00eda haber alterado el panorama pol\u00edtico.<\/p>\n<p>Por \u00faltimo, Insulza indic\u00f3 que solo un 40% del votante izquierdista apoya a Carolina Toh\u00e1 como candidata.<\/p>\n","protected":false},"excerpt":{"rendered":"<p>El senador Jos\u00e9 Miguel Insulza (PS) critic\u00f3 al oficialismo por la demora en elegir un candidato presidencial para las elecciones de fin de a\u00f1o<\/p>\n","protected":false},"author":2,"featured_media":11483,"comment_status":"closed","ping_status":"open","sticky":false,"template":"","format":"standard","meta":{"_jetpack_memberships_contains_paid_content":false,"jnews-multi-image_gallery":[],"jnews_single_post":[],"jnews_primary_category":[],"jnews_social_meta":[],"jnews_paywall_metabox":[],"jnews_review":[],"enable_review":"","type":"","name":"","summary":"","brand":"","sku":"","good":[],"bad":[],"score_override":"","override_value":"","rating":[],"price":[],"jnews_override_counter":[],"jnews_post_split":[],"footnotes":""},"categories":[83],"tags":[],"class_list":["post-11484","post","type-post","status-publish","format-standard","has-post-thumbnail","hentry","category-politica"],"jetpack_featured_media_url":"https:\/\/laserenaradio.cl\/web\/wp-content\/uploads\/2025\/02\/homepiaiextractoscrapimg_webpInsulzaElijamos_0.webp","jetpack_sharing_enabled":true,"_links":{"self":[{"href":"https:\/\/laserenaradio.cl\/web\/wp-json\/wp\/v2\/posts\/11484","targetHints":{"allow":["GET"]}}],"collection":[{"href":"https:\/\/laserenaradio.cl\/web\/wp-json\/wp\/v2\/posts"}],"about":[{"href":"https:\/\/laserenaradio.cl\/web\/wp-json\/wp\/v2\/types\/post"}],"author":[{"embeddable":true,"href":"https:\/\/laserenaradio.cl\/web\/wp-json\/wp\/v2\/users\/2"}],"replies":[{"embeddable":true,"href":"https:\/\/laserenaradio.cl\/web\/wp-json\/wp\/v2\/comments?post=11484"}],"version-history":[{"count":1,"href":"https:\/\/laserenaradio.cl\/web\/wp-json\/wp\/v2\/posts\/11484\/revisions"}],"predecessor-version":[{"id":11485,"href":"https:\/\/laserenaradio.cl\/web\/wp-json\/wp\/v2\/posts\/11484\/revisions\/11485"}],"wp:featuredmedia":[{"embeddable":true,"href":"https:\/\/laserenaradio.cl\/web\/wp-json\/wp\/v2\/media\/11483"}],"wp:attachment":[{"href":"https:\/\/laserenaradio.cl\/web\/wp-json\/wp\/v2\/media?parent=11484"}],"wp:term":[{"taxonomy":"category","embeddable":true,"href":"https:\/\/laserenaradio.cl\/web\/wp-json\/wp\/v2\/categories?post=11484"},{"taxonomy":"post_tag","embeddable":true,"href":"https:\/\/laserenaradio.cl\/web\/wp-json\/wp\/v2\/tags?post=11484"}],"curies":[{"name":"wp","href":"https:\/\/api.w.org\/{rel}","templated":true}]}}