{"id":11477,"date":"2025-02-11T21:41:31","date_gmt":"2025-02-12T00:41:31","guid":{"rendered":"https:\/\/laserenaradio.cl\/web\/?p=11477"},"modified":"2025-02-11T21:42:15","modified_gmt":"2025-02-12T00:42:15","slug":"trabajadores-de-preserva-crean-un-imponente-topiario-de-arturo-vidal","status":"publish","type":"post","link":"https:\/\/laserenaradio.cl\/web\/2025\/02\/11\/trabajadores-de-preserva-crean-un-imponente-topiario-de-arturo-vidal\/","title":{"rendered":"Trabajadores de Preserva crean un imponente topiario de Arturo Vidal"},"content":{"rendered":"\n<p><b>Trabajadores de Preserva crearon un topiario en forma del rostro de Arturo Vidal en Talcahuano, Chile<\/b><\/p>\n\n\n\n<!--more-->\n\n\n\n<p>.<\/p>\n\n\n\n<p>La obra, ubicada en el Parque las Arucas y que tom\u00f3 tres a\u00f1os crear, es un homenaje a su carrera como futbolista chileno.<\/p>\n\n\n\n<p>Supervisado por Guillermo Enr\u00edquez, el proyecto incluir\u00e1 detalles finales y requiri\u00f3 el trabajo de aficionados al f\u00fatbol.<\/p>\n\n\n\n<p>Los trabajadores esperan conocer al jugador alg\u00fan d\u00eda y la iniciativa podr\u00eda inspirar tributos similares a otras figuras deportivas.<\/p>\n\n\n\n<blockquote class=\"twitter-tweet\"><p lang=\"es\" dir=\"ltr\">Comparemos las fotos de Arturo Vidal, yo creo que quedo bien parecido.<br><br>Que dicen Uds. <a href=\"https:\/\/t.co\/fZZQEbNS06\">https:\/\/t.co\/fZZQEbNS06<\/a> <a href=\"https:\/\/t.co\/7FFzP5d0KD\">pic.twitter.com\/7FFzP5d0KD<\/a><\/p>&mdash; Lucas Palape (@LucasPalape) <a href=\"https:\/\/twitter.com\/LucasPalape\/status\/1889456375291424996?ref_src=twsrc%5Etfw\">February 11, 2025<\/a><\/blockquote> <script async src=\"https:\/\/platform.twitter.com\/widgets.js\" charset=\"utf-8\"><\/script>\n","protected":false},"excerpt":{"rendered":"<p>Trabajadores de Preserva crearon un topiario en forma del rostro de Arturo Vidal en Talcahuano, Chile<\/p>\n","protected":false},"author":2,"featured_media":11476,"comment_status":"closed","ping_status":"open","sticky":false,"template":"","format":"standard","meta":{"_jetpack_memberships_contains_paid_content":false,"jnews-multi-image_gallery":[],"jnews_single_post":{"format":"standard"},"jnews_primary_category":[],"jnews_social_meta":[],"jnews_paywall_metabox":[],"jnews_review":[],"enable_review":"","type":"","name":"","summary":"","brand":"","sku":"","good":[],"bad":[],"score_override":"","override_value":"","rating":[],"price":[],"jnews_override_counter":[],"jnews_post_split":[],"footnotes":""},"categories":[84],"tags":[],"class_list":["post-11477","post","type-post","status-publish","format-standard","has-post-thumbnail","hentry","category-deportes"],"jetpack_featured_media_url":"https:\/\/laserenaradio.cl\/web\/wp-content\/uploads\/2025\/02\/homepiaiextractoscrapimg_webpTrabajadoresPreservatopiarioArturoVidal_1.webp","jetpack_sharing_enabled":true,"_links":{"self":[{"href":"https:\/\/laserenaradio.cl\/web\/wp-json\/wp\/v2\/posts\/11477","targetHints":{"allow":["GET"]}}],"collection":[{"href":"https:\/\/laserenaradio.cl\/web\/wp-json\/wp\/v2\/posts"}],"about":[{"href":"https:\/\/laserenaradio.cl\/web\/wp-json\/wp\/v2\/types\/post"}],"author":[{"embeddable":true,"href":"https:\/\/laserenaradio.cl\/web\/wp-json\/wp\/v2\/users\/2"}],"replies":[{"embeddable":true,"href":"https:\/\/laserenaradio.cl\/web\/wp-json\/wp\/v2\/comments?post=11477"}],"version-history":[{"count":2,"href":"https:\/\/laserenaradio.cl\/web\/wp-json\/wp\/v2\/posts\/11477\/revisions"}],"predecessor-version":[{"id":11479,"href":"https:\/\/laserenaradio.cl\/web\/wp-json\/wp\/v2\/posts\/11477\/revisions\/11479"}],"wp:featuredmedia":[{"embeddable":true,"href":"https:\/\/laserenaradio.cl\/web\/wp-json\/wp\/v2\/media\/11476"}],"wp:attachment":[{"href":"https:\/\/laserenaradio.cl\/web\/wp-json\/wp\/v2\/media?parent=11477"}],"wp:term":[{"taxonomy":"category","embeddable":true,"href":"https:\/\/laserenaradio.cl\/web\/wp-json\/wp\/v2\/categories?post=11477"},{"taxonomy":"post_tag","embeddable":true,"href":"https:\/\/laserenaradio.cl\/web\/wp-json\/wp\/v2\/tags?post=11477"}],"curies":[{"name":"wp","href":"https:\/\/api.w.org\/{rel}","templated":true}]}}