{"id":11474,"date":"2025-02-11T21:33:37","date_gmt":"2025-02-12T00:33:37","guid":{"rendered":"https:\/\/laserenaradio.cl\/web\/?p=11474"},"modified":"2025-02-11T21:33:37","modified_gmt":"2025-02-12T00:33:37","slug":"alerta-de-evacuacion-en-traiguen-ante-el-avance-del-incendio-forestal-de-galvarino","status":"publish","type":"post","link":"https:\/\/laserenaradio.cl\/web\/2025\/02\/11\/alerta-de-evacuacion-en-traiguen-ante-el-avance-del-incendio-forestal-de-galvarino\/","title":{"rendered":"Alerta de evacuaci\u00f3n en Traigu\u00e9n ante el avance del incendio forestal de Galvarino"},"content":{"rendered":"<p><b>El alcalde de Traigu\u00e9n, Luis \u00c1lvarez, pidi\u00f3 evacuar preventivamente a la poblaci\u00f3n debido al avance del incendio forestal desde Galvarino hacia la zona urbana<\/b><!--more-->.<\/p>\n<p>Las llamas podr\u00edan llegar alrededor de medianoche y est\u00e1n a 2 kil\u00f3metros del sector de Los Volcanes.<\/p>\n<p>Se han establecido tres albergues, principalmente para adultos mayores, y se han realizado cortafuegos.<\/p>\n<p><a href=\"http:\/\/www.senapred.cl\">Senapred<\/a> tambi\u00e9n emiti\u00f3 alertas SAE en la regi\u00f3n de La Araucan\u00eda, incluyendo seis durante el d\u00eda, con la \u00faltima dirigida a los sectores de El Prado y Lo Mosquera.<\/p>\n","protected":false},"excerpt":{"rendered":"<p>El alcalde de Traigu\u00e9n, Luis \u00c1lvarez, pidi\u00f3 evacuar preventivamente a la poblaci\u00f3n debido al avance del incendio forestal desde Galvarino hacia la zona urbana<\/p>\n","protected":false},"author":2,"featured_media":11473,"comment_status":"closed","ping_status":"open","sticky":false,"template":"","format":"standard","meta":{"_jetpack_memberships_contains_paid_content":false,"jnews-multi-image_gallery":[],"jnews_single_post":[],"jnews_primary_category":[],"jnews_social_meta":[],"jnews_paywall_metabox":[],"jnews_review":[],"enable_review":"","type":"","name":"","summary":"","brand":"","sku":"","good":[],"bad":[],"score_override":"","override_value":"","rating":[],"price":[],"jnews_override_counter":[],"jnews_post_split":[],"footnotes":""},"categories":[21],"tags":[],"class_list":["post-11474","post","type-post","status-publish","format-standard","has-post-thumbnail","hentry","category-nacional"],"jetpack_featured_media_url":"https:\/\/laserenaradio.cl\/web\/wp-content\/uploads\/2025\/02\/homepiaiextractoscrapimg_webpavanceincendioforestalGalvarino_0.webp","jetpack_sharing_enabled":true,"_links":{"self":[{"href":"https:\/\/laserenaradio.cl\/web\/wp-json\/wp\/v2\/posts\/11474","targetHints":{"allow":["GET"]}}],"collection":[{"href":"https:\/\/laserenaradio.cl\/web\/wp-json\/wp\/v2\/posts"}],"about":[{"href":"https:\/\/laserenaradio.cl\/web\/wp-json\/wp\/v2\/types\/post"}],"author":[{"embeddable":true,"href":"https:\/\/laserenaradio.cl\/web\/wp-json\/wp\/v2\/users\/2"}],"replies":[{"embeddable":true,"href":"https:\/\/laserenaradio.cl\/web\/wp-json\/wp\/v2\/comments?post=11474"}],"version-history":[{"count":1,"href":"https:\/\/laserenaradio.cl\/web\/wp-json\/wp\/v2\/posts\/11474\/revisions"}],"predecessor-version":[{"id":11475,"href":"https:\/\/laserenaradio.cl\/web\/wp-json\/wp\/v2\/posts\/11474\/revisions\/11475"}],"wp:featuredmedia":[{"embeddable":true,"href":"https:\/\/laserenaradio.cl\/web\/wp-json\/wp\/v2\/media\/11473"}],"wp:attachment":[{"href":"https:\/\/laserenaradio.cl\/web\/wp-json\/wp\/v2\/media?parent=11474"}],"wp:term":[{"taxonomy":"category","embeddable":true,"href":"https:\/\/laserenaradio.cl\/web\/wp-json\/wp\/v2\/categories?post=11474"},{"taxonomy":"post_tag","embeddable":true,"href":"https:\/\/laserenaradio.cl\/web\/wp-json\/wp\/v2\/tags?post=11474"}],"curies":[{"name":"wp","href":"https:\/\/api.w.org\/{rel}","templated":true}]}}