{"id":11468,"date":"2025-02-11T19:34:23","date_gmt":"2025-02-11T22:34:23","guid":{"rendered":"https:\/\/laserenaradio.cl\/web\/?p=11468"},"modified":"2025-02-11T19:34:23","modified_gmt":"2025-02-11T22:34:23","slug":"desbordes-amenaza-con-cerrar-la-piojera-si-no-se-queda-en-santiago","status":"publish","type":"post","link":"https:\/\/laserenaradio.cl\/web\/2025\/02\/11\/desbordes-amenaza-con-cerrar-la-piojera-si-no-se-queda-en-santiago\/","title":{"rendered":"Desbordes amenaza con cerrar La Piojera si no se queda en Santiago"},"content":{"rendered":"<p><b>El alcalde de Santiago, Mario Desbordes, advirti\u00f3 que el bar &#8220;La Piojera&#8221; podr\u00eda trasladarse a Las Condes debido a problemas de seguridad en Cal y Canto<\/b><!--more-->.<\/p>\n<p>Desbordes se\u00f1al\u00f3 que la ministra del Interior le pidi\u00f3 preocuparse por recuperar el entorno del Mercado Central.<\/p>\n<p>El alcalde ha aumentado la seguridad local con m\u00e1s personal de vigilancia y hidrolavadoras, pero esto no ha sido suficiente para convencer a &#8220;La Piojera&#8221; de quedarse.<\/p>\n<p>Desbordes estableci\u00f3 un plazo de un a\u00f1o y medio para mejorar la situaci\u00f3n en el sector.<\/p>\n","protected":false},"excerpt":{"rendered":"<p>El alcalde de Santiago, Mario Desbordes, advirti\u00f3 que el bar &#8220;La Piojera&#8221; podr\u00eda trasladarse a Las Condes debido a problemas de seguridad en Cal y Canto<\/p>\n","protected":false},"author":2,"featured_media":11467,"comment_status":"closed","ping_status":"open","sticky":false,"template":"","format":"standard","meta":{"_jetpack_memberships_contains_paid_content":false,"jnews-multi-image_gallery":[],"jnews_single_post":[],"jnews_primary_category":[],"jnews_social_meta":[],"jnews_paywall_metabox":[],"jnews_review":[],"enable_review":"","type":"","name":"","summary":"","brand":"","sku":"","good":[],"bad":[],"score_override":"","override_value":"","rating":[],"price":[],"jnews_override_counter":[],"jnews_post_split":[],"footnotes":""},"categories":[83],"tags":[],"class_list":["post-11468","post","type-post","status-publish","format-standard","has-post-thumbnail","hentry","category-politica"],"jetpack_featured_media_url":"https:\/\/laserenaradio.cl\/web\/wp-content\/uploads\/2025\/02\/homepiaiextractoscrapimg_webpDesbordesalcaldeSantiagoseguridad_1.webp","jetpack_sharing_enabled":true,"_links":{"self":[{"href":"https:\/\/laserenaradio.cl\/web\/wp-json\/wp\/v2\/posts\/11468","targetHints":{"allow":["GET"]}}],"collection":[{"href":"https:\/\/laserenaradio.cl\/web\/wp-json\/wp\/v2\/posts"}],"about":[{"href":"https:\/\/laserenaradio.cl\/web\/wp-json\/wp\/v2\/types\/post"}],"author":[{"embeddable":true,"href":"https:\/\/laserenaradio.cl\/web\/wp-json\/wp\/v2\/users\/2"}],"replies":[{"embeddable":true,"href":"https:\/\/laserenaradio.cl\/web\/wp-json\/wp\/v2\/comments?post=11468"}],"version-history":[{"count":1,"href":"https:\/\/laserenaradio.cl\/web\/wp-json\/wp\/v2\/posts\/11468\/revisions"}],"predecessor-version":[{"id":11469,"href":"https:\/\/laserenaradio.cl\/web\/wp-json\/wp\/v2\/posts\/11468\/revisions\/11469"}],"wp:featuredmedia":[{"embeddable":true,"href":"https:\/\/laserenaradio.cl\/web\/wp-json\/wp\/v2\/media\/11467"}],"wp:attachment":[{"href":"https:\/\/laserenaradio.cl\/web\/wp-json\/wp\/v2\/media?parent=11468"}],"wp:term":[{"taxonomy":"category","embeddable":true,"href":"https:\/\/laserenaradio.cl\/web\/wp-json\/wp\/v2\/categories?post=11468"},{"taxonomy":"post_tag","embeddable":true,"href":"https:\/\/laserenaradio.cl\/web\/wp-json\/wp\/v2\/tags?post=11468"}],"curies":[{"name":"wp","href":"https:\/\/api.w.org\/{rel}","templated":true}]}}