{"id":11465,"date":"2025-02-11T19:33:12","date_gmt":"2025-02-11T22:33:12","guid":{"rendered":"https:\/\/laserenaradio.cl\/web\/?p=11465"},"modified":"2025-02-11T19:33:12","modified_gmt":"2025-02-11T22:33:12","slug":"la-araucania-se-enfrenta-a-incendios-forestales-intensos-y-alertas-de-evacuacion","status":"publish","type":"post","link":"https:\/\/laserenaradio.cl\/web\/2025\/02\/11\/la-araucania-se-enfrenta-a-incendios-forestales-intensos-y-alertas-de-evacuacion\/","title":{"rendered":"La Araucan\u00eda se enfrenta a incendios forestales intensos y alertas de evacuaci\u00f3n"},"content":{"rendered":"<p><b>18 incendios forestales afectan m\u00e1s de 12.000 hect\u00e1reas en La Araucan\u00eda.<\/b><!--more-->.<\/p>\n<p>El incendio de Lautaro amenaza comuna de Traigu\u00e9n; por lo que <a href=\"http:\/\/www.senapred.cl\">Senapred<\/a> solicita evacuaci\u00f3n preventiva en varios sectores rurales.<\/p>\n<p>Adem\u00e1s, se ha emitido una alerta adicional para la comuna de Pitrufqu\u00e9n, recomendando evacuar Callej\u00f3n El Canelo y Comunidad Traro S\u00e1nchez 2.<\/p>\n<p>Debido a los incendios, las autoridades de salud monitorizan la calidad del aire; dos puntos cr\u00edticos (Galvarino y Collipulli) han alcanzado niveles de emergencia.<\/p>\n<p>Finalmente, se recomienda mantenerse en los hogares para evitar exposici\u00f3n a las part\u00edculas inhalables.<\/p>\n","protected":false},"excerpt":{"rendered":"<p>18 incendios forestales afectan m\u00e1s de 12.000 hect\u00e1reas en La Araucan\u00eda.<\/p>\n","protected":false},"author":2,"featured_media":11464,"comment_status":"closed","ping_status":"open","sticky":false,"template":"","format":"standard","meta":{"_jetpack_memberships_contains_paid_content":false,"jnews-multi-image_gallery":[],"jnews_single_post":[],"jnews_primary_category":[],"jnews_social_meta":[],"jnews_paywall_metabox":[],"jnews_review":[],"enable_review":"","type":"","name":"","summary":"","brand":"","sku":"","good":[],"bad":[],"score_override":"","override_value":"","rating":[],"price":[],"jnews_override_counter":[],"jnews_post_split":[],"footnotes":""},"categories":[21],"tags":[],"class_list":["post-11465","post","type-post","status-publish","format-standard","has-post-thumbnail","hentry","category-nacional"],"jetpack_featured_media_url":"https:\/\/laserenaradio.cl\/web\/wp-content\/uploads\/2025\/02\/homepiaiextractoscrapimg_webpAraucaniaincendios_0.webp","jetpack_sharing_enabled":true,"_links":{"self":[{"href":"https:\/\/laserenaradio.cl\/web\/wp-json\/wp\/v2\/posts\/11465","targetHints":{"allow":["GET"]}}],"collection":[{"href":"https:\/\/laserenaradio.cl\/web\/wp-json\/wp\/v2\/posts"}],"about":[{"href":"https:\/\/laserenaradio.cl\/web\/wp-json\/wp\/v2\/types\/post"}],"author":[{"embeddable":true,"href":"https:\/\/laserenaradio.cl\/web\/wp-json\/wp\/v2\/users\/2"}],"replies":[{"embeddable":true,"href":"https:\/\/laserenaradio.cl\/web\/wp-json\/wp\/v2\/comments?post=11465"}],"version-history":[{"count":1,"href":"https:\/\/laserenaradio.cl\/web\/wp-json\/wp\/v2\/posts\/11465\/revisions"}],"predecessor-version":[{"id":11466,"href":"https:\/\/laserenaradio.cl\/web\/wp-json\/wp\/v2\/posts\/11465\/revisions\/11466"}],"wp:featuredmedia":[{"embeddable":true,"href":"https:\/\/laserenaradio.cl\/web\/wp-json\/wp\/v2\/media\/11464"}],"wp:attachment":[{"href":"https:\/\/laserenaradio.cl\/web\/wp-json\/wp\/v2\/media?parent=11465"}],"wp:term":[{"taxonomy":"category","embeddable":true,"href":"https:\/\/laserenaradio.cl\/web\/wp-json\/wp\/v2\/categories?post=11465"},{"taxonomy":"post_tag","embeddable":true,"href":"https:\/\/laserenaradio.cl\/web\/wp-json\/wp\/v2\/tags?post=11465"}],"curies":[{"name":"wp","href":"https:\/\/api.w.org\/{rel}","templated":true}]}}