{"id":11460,"date":"2025-02-11T19:29:17","date_gmt":"2025-02-11T22:29:17","guid":{"rendered":"https:\/\/laserenaradio.cl\/web\/?p=11460"},"modified":"2025-02-11T19:29:57","modified_gmt":"2025-02-11T22:29:57","slug":"el-real-madrid-supero-un-primer-tiempo-infernal-del-manchester-city-y-gano-en-inglaterra","status":"publish","type":"post","link":"https:\/\/laserenaradio.cl\/web\/2025\/02\/11\/el-real-madrid-supero-un-primer-tiempo-infernal-del-manchester-city-y-gano-en-inglaterra\/","title":{"rendered":"El Real Madrid super\u00f3 un primer tiempo infernal del Manchester City y gan\u00f3 en Inglaterra"},"content":{"rendered":"\n<p><b>El Real Madrid remont\u00f3 ante el Manchester City en el Etihad Stadium, venciendo 3-2 en la ida del repechaje de la Champions League y encaminando su clasificaci\u00f3n a octavos de final<\/b><\/p>\n\n\n\n<!--more-->\n\n\n\n<p>.<\/p>\n\n\n\n<p>Erling Haaland abri\u00f3 el marcador para los locales, pero Kylian Mbapp\u00e9 igual\u00f3 y luego Vinicius asegur\u00f3 la victoria.<\/p>\n\n\n\n<p>El Real Madrid mostr\u00f3 resiliencia tras un mal primer tiempo y aprovech\u00f3 los errores del City para imponerse en Inglaterra.<\/p>\n\n\n\n<p>La eliminatoria contin\u00faa abierta, con el partido de vuelta programado para el 19 de febrero en el Santiago Bernab\u00e9u.<\/p>\n\n\n\n<figure class=\"wp-block-embed is-type-video is-provider-youtube wp-block-embed-youtube wp-embed-aspect-16-9 wp-has-aspect-ratio\"><div class=\"wp-block-embed__wrapper\">\n<div class=\"jeg_video_container jeg_video_content\"><iframe title=\"DOBLETE DE HAALAND Y REMONTADA M\u00cdSTICA DEL REAL EN LA \u00daLTIMA | Man. City 2-3 R. Madrid | RESUMEN\" width=\"500\" height=\"281\" src=\"https:\/\/www.youtube.com\/embed\/QqocvxVwesw?feature=oembed\" frameborder=\"0\" allow=\"accelerometer; autoplay; clipboard-write; encrypted-media; gyroscope; picture-in-picture; web-share\" referrerpolicy=\"strict-origin-when-cross-origin\" allowfullscreen><\/iframe><\/div>\n<\/div><\/figure>\n","protected":false},"excerpt":{"rendered":"<p>El Real Madrid remont\u00f3 ante el Manchester City en el Etihad Stadium, venciendo 3-2 en la ida del repechaje de la Champions League y encaminando su clasificaci\u00f3n a octavos de final<\/p>\n","protected":false},"author":2,"featured_media":11459,"comment_status":"closed","ping_status":"open","sticky":false,"template":"","format":"standard","meta":{"_jetpack_memberships_contains_paid_content":false,"jnews-multi-image_gallery":[],"jnews_single_post":{"format":"standard"},"jnews_primary_category":[],"jnews_social_meta":[],"jnews_paywall_metabox":[],"jnews_review":[],"enable_review":"","type":"","name":"","summary":"","brand":"","sku":"","good":[],"bad":[],"score_override":"","override_value":"","rating":[],"price":[],"jnews_override_counter":[],"jnews_post_split":[],"footnotes":""},"categories":[84],"tags":[],"class_list":["post-11460","post","type-post","status-publish","format-standard","has-post-thumbnail","hentry","category-deportes"],"jetpack_featured_media_url":"https:\/\/laserenaradio.cl\/web\/wp-content\/uploads\/2025\/02\/homepiaiextractoscrapimg_webpManchesterCityprimertiempoInglaterra_0.webp","jetpack_sharing_enabled":true,"_links":{"self":[{"href":"https:\/\/laserenaradio.cl\/web\/wp-json\/wp\/v2\/posts\/11460","targetHints":{"allow":["GET"]}}],"collection":[{"href":"https:\/\/laserenaradio.cl\/web\/wp-json\/wp\/v2\/posts"}],"about":[{"href":"https:\/\/laserenaradio.cl\/web\/wp-json\/wp\/v2\/types\/post"}],"author":[{"embeddable":true,"href":"https:\/\/laserenaradio.cl\/web\/wp-json\/wp\/v2\/users\/2"}],"replies":[{"embeddable":true,"href":"https:\/\/laserenaradio.cl\/web\/wp-json\/wp\/v2\/comments?post=11460"}],"version-history":[{"count":2,"href":"https:\/\/laserenaradio.cl\/web\/wp-json\/wp\/v2\/posts\/11460\/revisions"}],"predecessor-version":[{"id":11462,"href":"https:\/\/laserenaradio.cl\/web\/wp-json\/wp\/v2\/posts\/11460\/revisions\/11462"}],"wp:featuredmedia":[{"embeddable":true,"href":"https:\/\/laserenaradio.cl\/web\/wp-json\/wp\/v2\/media\/11459"}],"wp:attachment":[{"href":"https:\/\/laserenaradio.cl\/web\/wp-json\/wp\/v2\/media?parent=11460"}],"wp:term":[{"taxonomy":"category","embeddable":true,"href":"https:\/\/laserenaradio.cl\/web\/wp-json\/wp\/v2\/categories?post=11460"},{"taxonomy":"post_tag","embeddable":true,"href":"https:\/\/laserenaradio.cl\/web\/wp-json\/wp\/v2\/tags?post=11460"}],"curies":[{"name":"wp","href":"https:\/\/api.w.org\/{rel}","templated":true}]}}