{"id":11457,"date":"2025-02-11T19:01:25","date_gmt":"2025-02-11T22:01:25","guid":{"rendered":"https:\/\/laserenaradio.cl\/web\/?p=11457"},"modified":"2025-02-11T19:01:25","modified_gmt":"2025-02-11T22:01:25","slug":"diego-ancalao-denuncia-sesgos-y-presiones-politicas-tras-salir-de-prision-preventiva-por-el-caso-convenios","status":"publish","type":"post","link":"https:\/\/laserenaradio.cl\/web\/2025\/02\/11\/diego-ancalao-denuncia-sesgos-y-presiones-politicas-tras-salir-de-prision-preventiva-por-el-caso-convenios\/","title":{"rendered":"Diego Ancalao denuncia sesgos y presiones pol\u00edticas tras salir de prisi\u00f3n preventiva por el Caso Convenios"},"content":{"rendered":"<p><b>Diego Ancalao, tras salir de prisi\u00f3n preventiva (18 meses), acus\u00f3 sesgos en la investigaci\u00f3n y presiones pol\u00edticas para declararse culpable del delito de lavado de activos en el Caso Convenios<\/b><!--more-->.<\/p>\n<p>Ancalao sostuvo que solo recibi\u00f3 prestaciones por trabajo a la organizaci\u00f3n de Jaime Huincahue, y que las pruebas no son leg\u00edtimas.<\/p>\n<p>Tambi\u00e9n denunci\u00f3 presiones de abogados del Partido Comunista para confesar y someterse a un juicio abreviado.<\/p>\n<p>El Fiscal Marco Mu\u00f1oz rechaz\u00f3 estas afirmaciones, indicando que el cambio cautelar no afecta las investigaciones en curso.<\/p>\n<p>Ancalao mantiene otras investigaciones pendientes por falsificaci\u00f3n de instrumento p\u00fablico relacionada con su postulaci\u00f3n a candidato presidencial.<\/p>\n","protected":false},"excerpt":{"rendered":"<p>Diego Ancalao, tras salir de prisi\u00f3n preventiva (18 meses), acus\u00f3 sesgos en la investigaci\u00f3n y presiones pol\u00edticas para declararse culpable del delito de lavado de activos en el Caso Convenios<\/p>\n","protected":false},"author":2,"featured_media":11456,"comment_status":"closed","ping_status":"open","sticky":false,"template":"","format":"standard","meta":{"_jetpack_memberships_contains_paid_content":false,"jnews-multi-image_gallery":[],"jnews_single_post":[],"jnews_primary_category":[],"jnews_social_meta":[],"jnews_paywall_metabox":[],"jnews_review":[],"enable_review":"","type":"","name":"","summary":"","brand":"","sku":"","good":[],"bad":[],"score_override":"","override_value":"","rating":[],"price":[],"jnews_override_counter":[],"jnews_post_split":[],"footnotes":""},"categories":[83],"tags":[],"class_list":["post-11457","post","type-post","status-publish","format-standard","has-post-thumbnail","hentry","category-politica"],"jetpack_featured_media_url":"https:\/\/laserenaradio.cl\/web\/wp-content\/uploads\/2025\/02\/homepiaiextractoscrapimg_webppresionesDiegoAncalaotrassalir_0.webp","jetpack_sharing_enabled":true,"_links":{"self":[{"href":"https:\/\/laserenaradio.cl\/web\/wp-json\/wp\/v2\/posts\/11457","targetHints":{"allow":["GET"]}}],"collection":[{"href":"https:\/\/laserenaradio.cl\/web\/wp-json\/wp\/v2\/posts"}],"about":[{"href":"https:\/\/laserenaradio.cl\/web\/wp-json\/wp\/v2\/types\/post"}],"author":[{"embeddable":true,"href":"https:\/\/laserenaradio.cl\/web\/wp-json\/wp\/v2\/users\/2"}],"replies":[{"embeddable":true,"href":"https:\/\/laserenaradio.cl\/web\/wp-json\/wp\/v2\/comments?post=11457"}],"version-history":[{"count":1,"href":"https:\/\/laserenaradio.cl\/web\/wp-json\/wp\/v2\/posts\/11457\/revisions"}],"predecessor-version":[{"id":11458,"href":"https:\/\/laserenaradio.cl\/web\/wp-json\/wp\/v2\/posts\/11457\/revisions\/11458"}],"wp:featuredmedia":[{"embeddable":true,"href":"https:\/\/laserenaradio.cl\/web\/wp-json\/wp\/v2\/media\/11456"}],"wp:attachment":[{"href":"https:\/\/laserenaradio.cl\/web\/wp-json\/wp\/v2\/media?parent=11457"}],"wp:term":[{"taxonomy":"category","embeddable":true,"href":"https:\/\/laserenaradio.cl\/web\/wp-json\/wp\/v2\/categories?post=11457"},{"taxonomy":"post_tag","embeddable":true,"href":"https:\/\/laserenaradio.cl\/web\/wp-json\/wp\/v2\/tags?post=11457"}],"curies":[{"name":"wp","href":"https:\/\/api.w.org\/{rel}","templated":true}]}}