{"id":11454,"date":"2025-02-11T15:36:20","date_gmt":"2025-02-11T18:36:20","guid":{"rendered":"https:\/\/laserenaradio.cl\/web\/?p=11454"},"modified":"2025-02-11T15:36:20","modified_gmt":"2025-02-11T18:36:20","slug":"no-mas-permisividad-en-las-carceles-diputado-del-ps-respalda-uniforme-obligatorio-en-recintos-de-maxima-seguridad","status":"publish","type":"post","link":"https:\/\/laserenaradio.cl\/web\/2025\/02\/11\/no-mas-permisividad-en-las-carceles-diputado-del-ps-respalda-uniforme-obligatorio-en-recintos-de-maxima-seguridad\/","title":{"rendered":"No m\u00e1s permisividad en las c\u00e1rceles: diputado del PS respalda uniforme obligatorio en recintos de m\u00e1xima seguridad"},"content":{"rendered":"<p><b>El diputado del Partido Socialista Marcos Ilabaca respalda la iniciativa del gobierno para el uso obligatorio de uniformes en las c\u00e1rceles de m\u00e1xima seguridad<\/b><!--more-->.<\/p>\n<p>El Ministro de Justicia Jaime Gajardo considera implementar esta medida solo en recintos de m\u00e1xima seguridad debido a su menor n\u00famero de internos y el alto costo estimado, que rondar\u00eda $10 mil millones.<\/p>\n<p>Ilabaca argumenta que este cambio promover\u00e1 un mejor ordenamiento y control, similar a pr\u00e1cticas adoptadas en sistemas carcelarios m\u00e1s modernos.<\/p>\n","protected":false},"excerpt":{"rendered":"<p>El diputado del Partido Socialista Marcos Ilabaca respalda la iniciativa del gobierno para el uso obligatorio de uniformes en las c\u00e1rceles de m\u00e1xima seguridad<\/p>\n","protected":false},"author":2,"featured_media":9077,"comment_status":"closed","ping_status":"open","sticky":false,"template":"","format":"standard","meta":{"_jetpack_memberships_contains_paid_content":false,"jnews-multi-image_gallery":[],"jnews_single_post":[],"jnews_primary_category":[],"jnews_social_meta":[],"jnews_paywall_metabox":[],"jnews_review":[],"enable_review":"","type":"","name":"","summary":"","brand":"","sku":"","good":[],"bad":[],"score_override":"","override_value":"","rating":[],"price":[],"jnews_override_counter":[],"jnews_post_split":[],"footnotes":""},"categories":[83],"tags":[],"class_list":["post-11454","post","type-post","status-publish","format-standard","has-post-thumbnail","hentry","category-politica"],"jetpack_featured_media_url":"https:\/\/laserenaradio.cl\/web\/wp-content\/uploads\/2024\/12\/laserenaradio_politica.webp","jetpack_sharing_enabled":true,"_links":{"self":[{"href":"https:\/\/laserenaradio.cl\/web\/wp-json\/wp\/v2\/posts\/11454","targetHints":{"allow":["GET"]}}],"collection":[{"href":"https:\/\/laserenaradio.cl\/web\/wp-json\/wp\/v2\/posts"}],"about":[{"href":"https:\/\/laserenaradio.cl\/web\/wp-json\/wp\/v2\/types\/post"}],"author":[{"embeddable":true,"href":"https:\/\/laserenaradio.cl\/web\/wp-json\/wp\/v2\/users\/2"}],"replies":[{"embeddable":true,"href":"https:\/\/laserenaradio.cl\/web\/wp-json\/wp\/v2\/comments?post=11454"}],"version-history":[{"count":1,"href":"https:\/\/laserenaradio.cl\/web\/wp-json\/wp\/v2\/posts\/11454\/revisions"}],"predecessor-version":[{"id":11455,"href":"https:\/\/laserenaradio.cl\/web\/wp-json\/wp\/v2\/posts\/11454\/revisions\/11455"}],"wp:featuredmedia":[{"embeddable":true,"href":"https:\/\/laserenaradio.cl\/web\/wp-json\/wp\/v2\/media\/9077"}],"wp:attachment":[{"href":"https:\/\/laserenaradio.cl\/web\/wp-json\/wp\/v2\/media?parent=11454"}],"wp:term":[{"taxonomy":"category","embeddable":true,"href":"https:\/\/laserenaradio.cl\/web\/wp-json\/wp\/v2\/categories?post=11454"},{"taxonomy":"post_tag","embeddable":true,"href":"https:\/\/laserenaradio.cl\/web\/wp-json\/wp\/v2\/tags?post=11454"}],"curies":[{"name":"wp","href":"https:\/\/api.w.org\/{rel}","templated":true}]}}