{"id":11452,"date":"2025-02-11T15:32:49","date_gmt":"2025-02-11T18:32:49","guid":{"rendered":"https:\/\/laserenaradio.cl\/web\/?p=11452"},"modified":"2025-02-11T15:32:49","modified_gmt":"2025-02-11T18:32:49","slug":"el-ps-confia-en-bachelet-como-opcion-presidencial","status":"publish","type":"post","link":"https:\/\/laserenaradio.cl\/web\/2025\/02\/11\/el-ps-confia-en-bachelet-como-opcion-presidencial\/","title":{"rendered":"El PS conf\u00eda en Bachelet como opci\u00f3n presidencial"},"content":{"rendered":"<p><b>El secretario general del Partido Socialista, Camilo Escalona, ha respaldado la candidatura de la expresidenta Michelle Bachelet para las pr\u00f3ximas elecciones presidenciales<\/b><!--more-->.<\/p>\n<p>Seg\u00fan Escalona, Bachelet es &#8220;la alternativa que tenemos&#8221; y cuenta con una &#8220;proyecci\u00f3n en todo el pa\u00eds&#8221; superior a otras figuras del partido.<\/p>\n<p>Aunque Bachelet a\u00fan no ha confirmado su candidatura, sus detractores dentro del partido han expresado reservas, especialmente sobre la posibilidad de reelecci\u00f3n.<\/p>\n<p>Escalona conf\u00eda en que la oposici\u00f3n critique estos aspectos para subrayar los logros de su gobierno y defender su gesti\u00f3n.<\/p>\n","protected":false},"excerpt":{"rendered":"<p>El secretario general del Partido Socialista, Camilo Escalona, ha respaldado la candidatura de la expresidenta Michelle Bachelet para las pr\u00f3ximas elecciones presidenciales<\/p>\n","protected":false},"author":2,"featured_media":11451,"comment_status":"closed","ping_status":"open","sticky":false,"template":"","format":"standard","meta":{"_jetpack_memberships_contains_paid_content":false,"jnews-multi-image_gallery":[],"jnews_single_post":[],"jnews_primary_category":[],"jnews_social_meta":[],"jnews_paywall_metabox":[],"jnews_review":[],"enable_review":"","type":"","name":"","summary":"","brand":"","sku":"","good":[],"bad":[],"score_override":"","override_value":"","rating":[],"price":[],"jnews_override_counter":[],"jnews_post_split":[],"footnotes":""},"categories":[83],"tags":[],"class_list":["post-11452","post","type-post","status-publish","format-standard","has-post-thumbnail","hentry","category-politica"],"jetpack_featured_media_url":"https:\/\/laserenaradio.cl\/web\/wp-content\/uploads\/2025\/02\/homepiaiextractoscrapimg_webpPSBachelet_1.webp","jetpack_sharing_enabled":true,"_links":{"self":[{"href":"https:\/\/laserenaradio.cl\/web\/wp-json\/wp\/v2\/posts\/11452","targetHints":{"allow":["GET"]}}],"collection":[{"href":"https:\/\/laserenaradio.cl\/web\/wp-json\/wp\/v2\/posts"}],"about":[{"href":"https:\/\/laserenaradio.cl\/web\/wp-json\/wp\/v2\/types\/post"}],"author":[{"embeddable":true,"href":"https:\/\/laserenaradio.cl\/web\/wp-json\/wp\/v2\/users\/2"}],"replies":[{"embeddable":true,"href":"https:\/\/laserenaradio.cl\/web\/wp-json\/wp\/v2\/comments?post=11452"}],"version-history":[{"count":1,"href":"https:\/\/laserenaradio.cl\/web\/wp-json\/wp\/v2\/posts\/11452\/revisions"}],"predecessor-version":[{"id":11453,"href":"https:\/\/laserenaradio.cl\/web\/wp-json\/wp\/v2\/posts\/11452\/revisions\/11453"}],"wp:featuredmedia":[{"embeddable":true,"href":"https:\/\/laserenaradio.cl\/web\/wp-json\/wp\/v2\/media\/11451"}],"wp:attachment":[{"href":"https:\/\/laserenaradio.cl\/web\/wp-json\/wp\/v2\/media?parent=11452"}],"wp:term":[{"taxonomy":"category","embeddable":true,"href":"https:\/\/laserenaradio.cl\/web\/wp-json\/wp\/v2\/categories?post=11452"},{"taxonomy":"post_tag","embeddable":true,"href":"https:\/\/laserenaradio.cl\/web\/wp-json\/wp\/v2\/tags?post=11452"}],"curies":[{"name":"wp","href":"https:\/\/api.w.org\/{rel}","templated":true}]}}