{"id":11449,"date":"2025-02-11T15:29:36","date_gmt":"2025-02-11T18:29:36","guid":{"rendered":"https:\/\/laserenaradio.cl\/web\/?p=11449"},"modified":"2025-02-11T15:29:36","modified_gmt":"2025-02-11T18:29:36","slug":"juicio-oral-contra-una-adolescente-por-supuesto-infanticidio-en-pucon","status":"publish","type":"post","link":"https:\/\/laserenaradio.cl\/web\/2025\/02\/11\/juicio-oral-contra-una-adolescente-por-supuesto-infanticidio-en-pucon\/","title":{"rendered":"Juicio oral contra una adolescente por supuesto infanticidio en Puc\u00f3n"},"content":{"rendered":"<p><b>Un juicio oral contra una adolescente de 17 a\u00f1os comenz\u00f3 este martes por el delito de infanticidio en Puc\u00f3n<\/b><!--more-->.<\/p>\n<p>Seg\u00fan la <a href=\"https:\/\/www.fiscaliadechile.cl\/\">Fiscal\u00eda<\/a>, la joven habr\u00eda asesinado a su reci\u00e9n nacida en febrero de 2024 en su domicilio, donde tambi\u00e9n dio a luz.<\/p>\n<p>La adolescente inicialmente neg\u00f3 haber tenido un beb\u00e9 hasta que sus familiares notaron el cad\u00e1ver de la ni\u00f1a en el ba\u00f1o.<\/p>\n<p>El juicio durar\u00e1 aproximadamente tres d\u00edas e incluir\u00e1 declaraciones de personal m\u00e9dico de los hospitales involucrados.<\/p>\n","protected":false},"excerpt":{"rendered":"<p>Un juicio oral contra una adolescente de 17 a\u00f1os comenz\u00f3 este martes por el delito de infanticidio en Puc\u00f3n<\/p>\n","protected":false},"author":2,"featured_media":9076,"comment_status":"closed","ping_status":"open","sticky":false,"template":"","format":"standard","meta":{"_jetpack_memberships_contains_paid_content":false,"jnews-multi-image_gallery":[],"jnews_single_post":[],"jnews_primary_category":[],"jnews_social_meta":[],"jnews_paywall_metabox":[],"jnews_review":[],"enable_review":"","type":"","name":"","summary":"","brand":"","sku":"","good":[],"bad":[],"score_override":"","override_value":"","rating":[],"price":[],"jnews_override_counter":[],"jnews_post_split":[],"footnotes":""},"categories":[21],"tags":[],"class_list":["post-11449","post","type-post","status-publish","format-standard","has-post-thumbnail","hentry","category-nacional"],"jetpack_featured_media_url":"https:\/\/laserenaradio.cl\/web\/wp-content\/uploads\/2024\/12\/laserenaradio_nacional.webp","jetpack_sharing_enabled":true,"_links":{"self":[{"href":"https:\/\/laserenaradio.cl\/web\/wp-json\/wp\/v2\/posts\/11449","targetHints":{"allow":["GET"]}}],"collection":[{"href":"https:\/\/laserenaradio.cl\/web\/wp-json\/wp\/v2\/posts"}],"about":[{"href":"https:\/\/laserenaradio.cl\/web\/wp-json\/wp\/v2\/types\/post"}],"author":[{"embeddable":true,"href":"https:\/\/laserenaradio.cl\/web\/wp-json\/wp\/v2\/users\/2"}],"replies":[{"embeddable":true,"href":"https:\/\/laserenaradio.cl\/web\/wp-json\/wp\/v2\/comments?post=11449"}],"version-history":[{"count":1,"href":"https:\/\/laserenaradio.cl\/web\/wp-json\/wp\/v2\/posts\/11449\/revisions"}],"predecessor-version":[{"id":11450,"href":"https:\/\/laserenaradio.cl\/web\/wp-json\/wp\/v2\/posts\/11449\/revisions\/11450"}],"wp:featuredmedia":[{"embeddable":true,"href":"https:\/\/laserenaradio.cl\/web\/wp-json\/wp\/v2\/media\/9076"}],"wp:attachment":[{"href":"https:\/\/laserenaradio.cl\/web\/wp-json\/wp\/v2\/media?parent=11449"}],"wp:term":[{"taxonomy":"category","embeddable":true,"href":"https:\/\/laserenaradio.cl\/web\/wp-json\/wp\/v2\/categories?post=11449"},{"taxonomy":"post_tag","embeddable":true,"href":"https:\/\/laserenaradio.cl\/web\/wp-json\/wp\/v2\/tags?post=11449"}],"curies":[{"name":"wp","href":"https:\/\/api.w.org\/{rel}","templated":true}]}}