{"id":11447,"date":"2025-02-11T15:05:57","date_gmt":"2025-02-11T18:05:57","guid":{"rendered":"https:\/\/laserenaradio.cl\/web\/?p=11447"},"modified":"2025-02-11T15:05:57","modified_gmt":"2025-02-11T18:05:57","slug":"carolina-toha-lo-tomamos-con-la-mayor-gravedad-la-denuncia-de-violacion-en-contra-del-diputado-jorge-duran","status":"publish","type":"post","link":"https:\/\/laserenaradio.cl\/web\/2025\/02\/11\/carolina-toha-lo-tomamos-con-la-mayor-gravedad-la-denuncia-de-violacion-en-contra-del-diputado-jorge-duran\/","title":{"rendered":"Carolina Toh\u00e1: &#8220;Lo tomamos con la mayor gravedad&#8221; la denuncia de violaci\u00f3n en contra del diputado Jorge Dur\u00e1n"},"content":{"rendered":"<p><b>La ministra del Interior, Carolina Toh\u00e1, declar\u00f3 sobre la denuncia de abuso sexual y violaci\u00f3n contra el diputado Jorge Dur\u00e1n (RN), asegurando que es &#8220;un delito grav\u00edsimo&#8221; por el rol de autoridad de Dur\u00e1n<\/b><!--more-->.<\/p>\n<p>Toh\u00e1 rechaz\u00f3 suspenderlo sin un proceso legal, indicando que el desafuero se eval\u00faa en etapas distintas.<\/p>\n<p>Tambi\u00e9n plante\u00f3 la discusi\u00f3n sobre si las autoridades deber\u00edan dejar de recibir su dieta y sugiri\u00f3 que esta cuesti\u00f3n debe ser debatida en el parlamento por sus miembros.<\/p>\n","protected":false},"excerpt":{"rendered":"<p>La ministra del Interior, Carolina Toh\u00e1, declar\u00f3 sobre la denuncia de abuso sexual y violaci\u00f3n contra el diputado Jorge Dur\u00e1n (RN), asegurando que es &#8220;un delito grav\u00edsimo&#8221; por el rol de autoridad de Dur\u00e1n<\/p>\n","protected":false},"author":2,"featured_media":9077,"comment_status":"closed","ping_status":"open","sticky":false,"template":"","format":"standard","meta":{"_jetpack_memberships_contains_paid_content":false,"jnews-multi-image_gallery":[],"jnews_single_post":[],"jnews_primary_category":[],"jnews_social_meta":[],"jnews_paywall_metabox":[],"jnews_review":[],"enable_review":"","type":"","name":"","summary":"","brand":"","sku":"","good":[],"bad":[],"score_override":"","override_value":"","rating":[],"price":[],"jnews_override_counter":[],"jnews_post_split":[],"footnotes":""},"categories":[83],"tags":[],"class_list":["post-11447","post","type-post","status-publish","format-standard","has-post-thumbnail","hentry","category-politica"],"jetpack_featured_media_url":"https:\/\/laserenaradio.cl\/web\/wp-content\/uploads\/2024\/12\/laserenaradio_politica.webp","jetpack_sharing_enabled":true,"_links":{"self":[{"href":"https:\/\/laserenaradio.cl\/web\/wp-json\/wp\/v2\/posts\/11447","targetHints":{"allow":["GET"]}}],"collection":[{"href":"https:\/\/laserenaradio.cl\/web\/wp-json\/wp\/v2\/posts"}],"about":[{"href":"https:\/\/laserenaradio.cl\/web\/wp-json\/wp\/v2\/types\/post"}],"author":[{"embeddable":true,"href":"https:\/\/laserenaradio.cl\/web\/wp-json\/wp\/v2\/users\/2"}],"replies":[{"embeddable":true,"href":"https:\/\/laserenaradio.cl\/web\/wp-json\/wp\/v2\/comments?post=11447"}],"version-history":[{"count":1,"href":"https:\/\/laserenaradio.cl\/web\/wp-json\/wp\/v2\/posts\/11447\/revisions"}],"predecessor-version":[{"id":11448,"href":"https:\/\/laserenaradio.cl\/web\/wp-json\/wp\/v2\/posts\/11447\/revisions\/11448"}],"wp:featuredmedia":[{"embeddable":true,"href":"https:\/\/laserenaradio.cl\/web\/wp-json\/wp\/v2\/media\/9077"}],"wp:attachment":[{"href":"https:\/\/laserenaradio.cl\/web\/wp-json\/wp\/v2\/media?parent=11447"}],"wp:term":[{"taxonomy":"category","embeddable":true,"href":"https:\/\/laserenaradio.cl\/web\/wp-json\/wp\/v2\/categories?post=11447"},{"taxonomy":"post_tag","embeddable":true,"href":"https:\/\/laserenaradio.cl\/web\/wp-json\/wp\/v2\/tags?post=11447"}],"curies":[{"name":"wp","href":"https:\/\/api.w.org\/{rel}","templated":true}]}}