{"id":11445,"date":"2025-02-11T15:01:47","date_gmt":"2025-02-11T18:01:47","guid":{"rendered":"https:\/\/laserenaradio.cl\/web\/?p=11445"},"modified":"2025-02-11T15:01:47","modified_gmt":"2025-02-11T18:01:47","slug":"la-expresidenta-michelle-bachelet-podria-retornar-a-la-candidatura-presidencial-chilena","status":"publish","type":"post","link":"https:\/\/laserenaradio.cl\/web\/2025\/02\/11\/la-expresidenta-michelle-bachelet-podria-retornar-a-la-candidatura-presidencial-chilena\/","title":{"rendered":"La expresidenta Michelle Bachelet podr\u00eda retornar a la candidatura presidencial chilena"},"content":{"rendered":"<p><b>Michelle Bachelet, ex presidenta chilena, ha generado gran expectaci\u00f3n sobre un posible retorno a la candidatura presidencial por el oficialismo<\/b><!--more-->.<\/p>\n<p>Francisco Vidal, ex ministro y miembro del PPD, indica que si Bachelet cambia de opini\u00f3n debe informarlo al partido antes de la segunda quincena de marzo.<\/p>\n<p>Esta decisi\u00f3n podr\u00eda afectar especialmente a Carolina Toh\u00e1, quien aspira a ser candidata por el PPD.<\/p>\n<p>Seg\u00fan Vidal, aunque Bachelet ha reiterado su negativa a ser candidata, encuestas indican que su figura sigue siendo la m\u00e1s competitiva.<\/p>\n<p>El ex ministro tambi\u00e9n defendi\u00f3 las pol\u00edticas progresistas en juego para las elecciones de noviembre.<\/p>\n","protected":false},"excerpt":{"rendered":"<p>Michelle Bachelet, ex presidenta chilena, ha generado gran expectaci\u00f3n sobre un posible retorno a la candidatura presidencial por el oficialismo<\/p>\n","protected":false},"author":2,"featured_media":11444,"comment_status":"closed","ping_status":"open","sticky":false,"template":"","format":"standard","meta":{"_jetpack_memberships_contains_paid_content":false,"jnews-multi-image_gallery":[],"jnews_single_post":[],"jnews_primary_category":[],"jnews_social_meta":[],"jnews_paywall_metabox":[],"jnews_review":[],"enable_review":"","type":"","name":"","summary":"","brand":"","sku":"","good":[],"bad":[],"score_override":"","override_value":"","rating":[],"price":[],"jnews_override_counter":[],"jnews_post_split":[],"footnotes":""},"categories":[83],"tags":[],"class_list":["post-11445","post","type-post","status-publish","format-standard","has-post-thumbnail","hentry","category-politica"],"jetpack_featured_media_url":"https:\/\/laserenaradio.cl\/web\/wp-content\/uploads\/2025\/02\/homepiaiextractoscrapimg_webpexMichelleBacheletchilenacandidatura_1.webp","jetpack_sharing_enabled":true,"_links":{"self":[{"href":"https:\/\/laserenaradio.cl\/web\/wp-json\/wp\/v2\/posts\/11445","targetHints":{"allow":["GET"]}}],"collection":[{"href":"https:\/\/laserenaradio.cl\/web\/wp-json\/wp\/v2\/posts"}],"about":[{"href":"https:\/\/laserenaradio.cl\/web\/wp-json\/wp\/v2\/types\/post"}],"author":[{"embeddable":true,"href":"https:\/\/laserenaradio.cl\/web\/wp-json\/wp\/v2\/users\/2"}],"replies":[{"embeddable":true,"href":"https:\/\/laserenaradio.cl\/web\/wp-json\/wp\/v2\/comments?post=11445"}],"version-history":[{"count":1,"href":"https:\/\/laserenaradio.cl\/web\/wp-json\/wp\/v2\/posts\/11445\/revisions"}],"predecessor-version":[{"id":11446,"href":"https:\/\/laserenaradio.cl\/web\/wp-json\/wp\/v2\/posts\/11445\/revisions\/11446"}],"wp:featuredmedia":[{"embeddable":true,"href":"https:\/\/laserenaradio.cl\/web\/wp-json\/wp\/v2\/media\/11444"}],"wp:attachment":[{"href":"https:\/\/laserenaradio.cl\/web\/wp-json\/wp\/v2\/media?parent=11445"}],"wp:term":[{"taxonomy":"category","embeddable":true,"href":"https:\/\/laserenaradio.cl\/web\/wp-json\/wp\/v2\/categories?post=11445"},{"taxonomy":"post_tag","embeddable":true,"href":"https:\/\/laserenaradio.cl\/web\/wp-json\/wp\/v2\/tags?post=11445"}],"curies":[{"name":"wp","href":"https:\/\/api.w.org\/{rel}","templated":true}]}}