{"id":11439,"date":"2025-02-11T14:51:14","date_gmt":"2025-02-11T17:51:14","guid":{"rendered":"https:\/\/laserenaradio.cl\/web\/?p=11439"},"modified":"2025-02-11T14:51:14","modified_gmt":"2025-02-11T17:51:14","slug":"el-exsenador-fulvio-rossi-plantea-su-posible-regreso-a-la-politica-con-criticas-en-contra-del-gobierno-de-gabriel-boric","status":"publish","type":"post","link":"https:\/\/laserenaradio.cl\/web\/2025\/02\/11\/el-exsenador-fulvio-rossi-plantea-su-posible-regreso-a-la-politica-con-criticas-en-contra-del-gobierno-de-gabriel-boric\/","title":{"rendered":"El exsenador Fulvio Rossi plantea su posible regreso a la pol\u00edtica con cr\u00edticas en contra del gobierno de Gabriel Boric"},"content":{"rendered":"<p><b>El exsenador Fulvio Rossi, quien estuvo involucrado en el Caso SQM y tuvo un ataque armado durante la campa\u00f1a a su reelecci\u00f3n senatorial, no descarta un retorno a la pol\u00edtica<\/b><!--more-->.<\/p>\n<p>Rossi, que actualmente se dedica a su profesi\u00f3n como m\u00e9dico traumat\u00f3logo, indica que un eventual regreso a la vida p\u00fablica estar\u00eda motivado por una vocaci\u00f3n y pasi\u00f3n por lo p\u00fablico, no por razones econ\u00f3micas.<\/p>\n<p>Aunque ha sido solicitado para volver a la pol\u00edtica, Rossi se\u00f1ala que a\u00fan no ha tomado ninguna decisi\u00f3n definitiva, indicando que hay varios factores a ponderar.<\/p>\n<p>En caso de competir, Rossi considera la posibilidad de presentarse como candidato independiente.<\/p>\n<p>Su cr\u00edtica al actual gobierno y su partido, el Frente Amplio y el Partido Comunista, se basa en lo que considera un mal manejo gubernamental que ha generado un gran d\u00e9ficit financiero en el pa\u00eds.<\/p>\n","protected":false},"excerpt":{"rendered":"<p>El exsenador Fulvio Rossi, quien estuvo involucrado en el Caso SQM y tuvo un ataque armado durante la campa\u00f1a a su reelecci\u00f3n senatorial, no descarta un retorno a la pol\u00edtica<\/p>\n","protected":false},"author":2,"featured_media":11438,"comment_status":"closed","ping_status":"open","sticky":false,"template":"","format":"standard","meta":{"_jetpack_memberships_contains_paid_content":false,"jnews-multi-image_gallery":[],"jnews_single_post":[],"jnews_primary_category":[],"jnews_social_meta":[],"jnews_paywall_metabox":[],"jnews_review":[],"enable_review":"","type":"","name":"","summary":"","brand":"","sku":"","good":[],"bad":[],"score_override":"","override_value":"","rating":[],"price":[],"jnews_override_counter":[],"jnews_post_split":[],"footnotes":""},"categories":[83],"tags":[],"class_list":["post-11439","post","type-post","status-publish","format-standard","has-post-thumbnail","hentry","category-politica"],"jetpack_featured_media_url":"https:\/\/laserenaradio.cl\/web\/wp-content\/uploads\/2025\/02\/homepiaiextractoscrapimg_webpnoRossiexsenadorFulvioRossi_0.webp","jetpack_sharing_enabled":true,"_links":{"self":[{"href":"https:\/\/laserenaradio.cl\/web\/wp-json\/wp\/v2\/posts\/11439","targetHints":{"allow":["GET"]}}],"collection":[{"href":"https:\/\/laserenaradio.cl\/web\/wp-json\/wp\/v2\/posts"}],"about":[{"href":"https:\/\/laserenaradio.cl\/web\/wp-json\/wp\/v2\/types\/post"}],"author":[{"embeddable":true,"href":"https:\/\/laserenaradio.cl\/web\/wp-json\/wp\/v2\/users\/2"}],"replies":[{"embeddable":true,"href":"https:\/\/laserenaradio.cl\/web\/wp-json\/wp\/v2\/comments?post=11439"}],"version-history":[{"count":1,"href":"https:\/\/laserenaradio.cl\/web\/wp-json\/wp\/v2\/posts\/11439\/revisions"}],"predecessor-version":[{"id":11440,"href":"https:\/\/laserenaradio.cl\/web\/wp-json\/wp\/v2\/posts\/11439\/revisions\/11440"}],"wp:featuredmedia":[{"embeddable":true,"href":"https:\/\/laserenaradio.cl\/web\/wp-json\/wp\/v2\/media\/11438"}],"wp:attachment":[{"href":"https:\/\/laserenaradio.cl\/web\/wp-json\/wp\/v2\/media?parent=11439"}],"wp:term":[{"taxonomy":"category","embeddable":true,"href":"https:\/\/laserenaradio.cl\/web\/wp-json\/wp\/v2\/categories?post=11439"},{"taxonomy":"post_tag","embeddable":true,"href":"https:\/\/laserenaradio.cl\/web\/wp-json\/wp\/v2\/tags?post=11439"}],"curies":[{"name":"wp","href":"https:\/\/api.w.org\/{rel}","templated":true}]}}