{"id":11436,"date":"2025-02-11T14:46:41","date_gmt":"2025-02-11T17:46:41","guid":{"rendered":"https:\/\/laserenaradio.cl\/web\/?p=11436"},"modified":"2025-02-11T14:46:41","modified_gmt":"2025-02-11T17:46:41","slug":"la-ministra-etcheverry-aclaro-declaraciones-de-toha-y-saffirio-sobre-incendios-forestales","status":"publish","type":"post","link":"https:\/\/laserenaradio.cl\/web\/2025\/02\/11\/la-ministra-etcheverry-aclaro-declaraciones-de-toha-y-saffirio-sobre-incendios-forestales\/","title":{"rendered":"La ministra Etcheverry aclar\u00f3 declaraciones de Toh\u00e1 y Saffirio sobre incendios forestales"},"content":{"rendered":"<p><b>La ministra vocera de Gobierno, Ais\u00e9n Etcheverry, respondi\u00f3 a las declaraciones de Carolina Toh\u00e1 y Ren\u00e9 Saffirio sobre incendios forestales<\/b><!--more-->.<\/p>\n<p>Etcheverry afirm\u00f3 que 98% de los incendios son humanos y no quieren estigmatizar a nadie.<\/p>\n<p>Durante el fin de semana se detuvieron a alrededor de 14 personas sospechosas de provocar incendios intencionalmente.<\/p>\n<p>El Gobierno perseguir\u00e1 a todos los responsables, destacando la importancia de trabajar juntos sin polemizaciones pol\u00edticas.<\/p>\n","protected":false},"excerpt":{"rendered":"<p>La ministra vocera de Gobierno, Ais\u00e9n Etcheverry, respondi\u00f3 a las declaraciones de Carolina Toh\u00e1 y Ren\u00e9 Saffirio sobre incendios forestales<\/p>\n","protected":false},"author":2,"featured_media":11435,"comment_status":"closed","ping_status":"open","sticky":false,"template":"","format":"standard","meta":{"_jetpack_memberships_contains_paid_content":false,"jnews-multi-image_gallery":[],"jnews_single_post":[],"jnews_primary_category":[],"jnews_social_meta":[],"jnews_paywall_metabox":[],"jnews_review":[],"enable_review":"","type":"","name":"","summary":"","brand":"","sku":"","good":[],"bad":[],"score_override":"","override_value":"","rating":[],"price":[],"jnews_override_counter":[],"jnews_post_split":[],"footnotes":""},"categories":[83],"tags":[],"class_list":["post-11436","post","type-post","status-publish","format-standard","has-post-thumbnail","hentry","category-politica"],"jetpack_featured_media_url":"https:\/\/laserenaradio.cl\/web\/wp-content\/uploads\/2025\/02\/homepiaiextractoscrapimg_webpincendiosEtcheverryministradeclaraciones_1.webp","jetpack_sharing_enabled":true,"_links":{"self":[{"href":"https:\/\/laserenaradio.cl\/web\/wp-json\/wp\/v2\/posts\/11436","targetHints":{"allow":["GET"]}}],"collection":[{"href":"https:\/\/laserenaradio.cl\/web\/wp-json\/wp\/v2\/posts"}],"about":[{"href":"https:\/\/laserenaradio.cl\/web\/wp-json\/wp\/v2\/types\/post"}],"author":[{"embeddable":true,"href":"https:\/\/laserenaradio.cl\/web\/wp-json\/wp\/v2\/users\/2"}],"replies":[{"embeddable":true,"href":"https:\/\/laserenaradio.cl\/web\/wp-json\/wp\/v2\/comments?post=11436"}],"version-history":[{"count":1,"href":"https:\/\/laserenaradio.cl\/web\/wp-json\/wp\/v2\/posts\/11436\/revisions"}],"predecessor-version":[{"id":11437,"href":"https:\/\/laserenaradio.cl\/web\/wp-json\/wp\/v2\/posts\/11436\/revisions\/11437"}],"wp:featuredmedia":[{"embeddable":true,"href":"https:\/\/laserenaradio.cl\/web\/wp-json\/wp\/v2\/media\/11435"}],"wp:attachment":[{"href":"https:\/\/laserenaradio.cl\/web\/wp-json\/wp\/v2\/media?parent=11436"}],"wp:term":[{"taxonomy":"category","embeddable":true,"href":"https:\/\/laserenaradio.cl\/web\/wp-json\/wp\/v2\/categories?post=11436"},{"taxonomy":"post_tag","embeddable":true,"href":"https:\/\/laserenaradio.cl\/web\/wp-json\/wp\/v2\/tags?post=11436"}],"curies":[{"name":"wp","href":"https:\/\/api.w.org\/{rel}","templated":true}]}}