{"id":11433,"date":"2025-02-11T14:45:02","date_gmt":"2025-02-11T17:45:02","guid":{"rendered":"https:\/\/laserenaradio.cl\/web\/?p=11433"},"modified":"2025-02-11T14:45:02","modified_gmt":"2025-02-11T17:45:02","slug":"la-ministra-del-interior-responde-criticas-por-posible-reivindicaciones-territoriales-tras-incendios-forestales-en-la-araucania","status":"publish","type":"post","link":"https:\/\/laserenaradio.cl\/web\/2025\/02\/11\/la-ministra-del-interior-responde-criticas-por-posible-reivindicaciones-territoriales-tras-incendios-forestales-en-la-araucania\/","title":{"rendered":"La Ministra del Interior responde cr\u00edticas por posible &#8220;reivindicaciones territoriales&#8221; tras incendios forestales en La Araucan\u00eda"},"content":{"rendered":"<p><b>La ministra del Interior, Carolina Toh\u00e1, respondi\u00f3 al gobernador de La Araucan\u00eda, Ren\u00e9 Saffirio, quien cuestion\u00f3 su postura sobre posibles reivindicaciones territoriales tras los incendios forestales en la regi\u00f3n<\/b><!--more-->.<\/p>\n<p>Saffirio acus\u00f3 a Toh\u00e1 de utilizar la situaci\u00f3n con fines electorales, compar\u00e1ndola m\u00e1s con una candidata presidencial que con un miembro del gabinete.<\/p>\n<p>Toh\u00e1 se defendi\u00f3 afirmando que las acciones policiales han detenido a 121 personas en total y a 15 en el \u00faltimo fin de semana, incluyendo 26 en La Araucan\u00eda desde enero.<\/p>\n","protected":false},"excerpt":{"rendered":"<p>La ministra del Interior, Carolina Toh\u00e1, respondi\u00f3 al gobernador de La Araucan\u00eda, Ren\u00e9 Saffirio, quien cuestion\u00f3 su postura sobre posibles reivindicaciones territoriales tras los incendios forestales en la regi\u00f3n<\/p>\n","protected":false},"author":2,"featured_media":9076,"comment_status":"closed","ping_status":"open","sticky":false,"template":"","format":"standard","meta":{"_jetpack_memberships_contains_paid_content":false,"jnews-multi-image_gallery":[],"jnews_single_post":[],"jnews_primary_category":[],"jnews_social_meta":[],"jnews_paywall_metabox":[],"jnews_review":[],"enable_review":"","type":"","name":"","summary":"","brand":"","sku":"","good":[],"bad":[],"score_override":"","override_value":"","rating":[],"price":[],"jnews_override_counter":[],"jnews_post_split":[],"footnotes":""},"categories":[83],"tags":[],"class_list":["post-11433","post","type-post","status-publish","format-standard","has-post-thumbnail","hentry","category-politica"],"jetpack_featured_media_url":"https:\/\/laserenaradio.cl\/web\/wp-content\/uploads\/2024\/12\/laserenaradio_nacional.webp","jetpack_sharing_enabled":true,"_links":{"self":[{"href":"https:\/\/laserenaradio.cl\/web\/wp-json\/wp\/v2\/posts\/11433","targetHints":{"allow":["GET"]}}],"collection":[{"href":"https:\/\/laserenaradio.cl\/web\/wp-json\/wp\/v2\/posts"}],"about":[{"href":"https:\/\/laserenaradio.cl\/web\/wp-json\/wp\/v2\/types\/post"}],"author":[{"embeddable":true,"href":"https:\/\/laserenaradio.cl\/web\/wp-json\/wp\/v2\/users\/2"}],"replies":[{"embeddable":true,"href":"https:\/\/laserenaradio.cl\/web\/wp-json\/wp\/v2\/comments?post=11433"}],"version-history":[{"count":1,"href":"https:\/\/laserenaradio.cl\/web\/wp-json\/wp\/v2\/posts\/11433\/revisions"}],"predecessor-version":[{"id":11434,"href":"https:\/\/laserenaradio.cl\/web\/wp-json\/wp\/v2\/posts\/11433\/revisions\/11434"}],"wp:featuredmedia":[{"embeddable":true,"href":"https:\/\/laserenaradio.cl\/web\/wp-json\/wp\/v2\/media\/9076"}],"wp:attachment":[{"href":"https:\/\/laserenaradio.cl\/web\/wp-json\/wp\/v2\/media?parent=11433"}],"wp:term":[{"taxonomy":"category","embeddable":true,"href":"https:\/\/laserenaradio.cl\/web\/wp-json\/wp\/v2\/categories?post=11433"},{"taxonomy":"post_tag","embeddable":true,"href":"https:\/\/laserenaradio.cl\/web\/wp-json\/wp\/v2\/tags?post=11433"}],"curies":[{"name":"wp","href":"https:\/\/api.w.org\/{rel}","templated":true}]}}