{"id":11429,"date":"2025-02-11T11:34:44","date_gmt":"2025-02-11T14:34:44","guid":{"rendered":"https:\/\/laserenaradio.cl\/web\/?p=11429"},"modified":"2025-02-11T11:42:11","modified_gmt":"2025-02-11T14:42:11","slug":"rn-se-pronuncio-respecto-a-la-denuncia-por-abuso-sexual-del-diputado-jorge-duran","status":"publish","type":"post","link":"https:\/\/laserenaradio.cl\/web\/2025\/02\/11\/rn-se-pronuncio-respecto-a-la-denuncia-por-abuso-sexual-del-diputado-jorge-duran\/","title":{"rendered":"RN se pronunci\u00f3 respecto a la denuncia por abuso sexual del diputado Jorge Dur\u00e1n"},"content":{"rendered":"\n<p><b>Renovaci\u00f3n Nacional (RN) respondi\u00f3 a una denuncia por abuso sexual contra el diputado Jorge Dur\u00e1n, presentada por su expareja<\/b><\/p>\n\n\n\n<!--more-->\n\n\n\n<p>.<\/p>\n\n\n\n<p>La acusaci\u00f3n fue formalizada ante <a href=\"https:\/\/www.carabineros.cl\/\">Carabineros<\/a>, y uniformados inspeccionaron la vivienda compartida y llevaron a la mujer al <a href=\"http:\/\/www.sml.gob.cl\/\">Servicio M\u00e9dico Legal<\/a>.<\/p>\n\n\n\n<p>RN declar\u00f3 que ha tomado conocimiento de la denuncia a trav\u00e9s de la prensa y ha puesto los antecedentes al Tribunal Supremo para que adopte medidas.<\/p>\n\n\n\n<p>El partido espera que la investigaci\u00f3n avance para esclarecer el caso.<\/p>\n\n\n\n<h2 class=\"wp-block-heading\">Jorge Dur\u00e1n: \u00bfAbuso o extorsi\u00f3n? La pol\u00e9mica en torno al diputado<\/h2>\n\n\n\n<p>\u00a0<\/p>\n\n\n\n<p><strong>El diputado Jorge Dur\u00e1n (RN) se vio envuelto en una controversia tras ser acusado por su expareja de abuso sexual e incluso violaci\u00f3n. Sin embargo, Dur\u00e1n revel\u00f3 que fue \u00e9l quien primero present\u00f3 una denuncia contra la mujer, alegando que \u00e9sta lo hab\u00eda extorsionado.<\/strong><\/p>\n\n\n\n<p>Seg\u00fan sus afirmaciones, la mujer le hab\u00eda exigido dinero en relaci\u00f3n con el pago de sus redes sociales y amenaz\u00f3 con denunciarlo si no acced\u00eda.<\/p>\n\n\n\n<p>La situaci\u00f3n se complico cuando la expareja acudi\u00f3 a <a href=\"https:\/\/www.carabineros.cl\/\">Carabineros<\/a> para denunciar la supuesta violaci\u00f3n ocurrida la madrugada del s\u00e1bado 8 de febrero.<\/p>\n\n\n\n<p>Ella asegur\u00f3 que Dur\u00e1n la encontr\u00f3 desnuda en una caba\u00f1a y la oblig\u00f3 a tener relaciones sexuales, mientras que el diputado afirm\u00f3 que todo fue consensuado durante un evento social.<\/p>\n\n\n\n<p>Tras la segunda denuncia, la mujer fue llevada al <a href=\"http:\/\/www.sml.gob.cl\/\">Servicio M\u00e9dico Legal<\/a> para constatar posibles lesiones.<\/p>\n\n\n\n<p>La investigaci\u00f3n qued\u00f3 a cargo de la Brigada de Delitos Sexuales de la <a href=\"https:\/\/www.pdichile.cl\/\">PDI<\/a>.<\/p>\n","protected":false},"excerpt":{"rendered":"<p>Renovaci\u00f3n Nacional (RN) respondi\u00f3 a una denuncia por abuso sexual contra el diputado Jorge Dur\u00e1n, presentada por su expareja<\/p>\n","protected":false},"author":2,"featured_media":9077,"comment_status":"closed","ping_status":"open","sticky":false,"template":"","format":"standard","meta":{"_jetpack_memberships_contains_paid_content":false,"jnews-multi-image_gallery":[],"jnews_single_post":{"format":"standard"},"jnews_primary_category":[],"jnews_social_meta":[],"jnews_paywall_metabox":[],"jnews_review":[],"enable_review":"","type":"","name":"","summary":"","brand":"","sku":"","good":[],"bad":[],"score_override":"","override_value":"","rating":[],"price":[],"jnews_override_counter":[],"jnews_post_split":[],"footnotes":""},"categories":[83],"tags":[],"class_list":["post-11429","post","type-post","status-publish","format-standard","has-post-thumbnail","hentry","category-politica"],"jetpack_featured_media_url":"https:\/\/laserenaradio.cl\/web\/wp-content\/uploads\/2024\/12\/laserenaradio_politica.webp","jetpack_sharing_enabled":true,"_links":{"self":[{"href":"https:\/\/laserenaradio.cl\/web\/wp-json\/wp\/v2\/posts\/11429","targetHints":{"allow":["GET"]}}],"collection":[{"href":"https:\/\/laserenaradio.cl\/web\/wp-json\/wp\/v2\/posts"}],"about":[{"href":"https:\/\/laserenaradio.cl\/web\/wp-json\/wp\/v2\/types\/post"}],"author":[{"embeddable":true,"href":"https:\/\/laserenaradio.cl\/web\/wp-json\/wp\/v2\/users\/2"}],"replies":[{"embeddable":true,"href":"https:\/\/laserenaradio.cl\/web\/wp-json\/wp\/v2\/comments?post=11429"}],"version-history":[{"count":3,"href":"https:\/\/laserenaradio.cl\/web\/wp-json\/wp\/v2\/posts\/11429\/revisions"}],"predecessor-version":[{"id":11432,"href":"https:\/\/laserenaradio.cl\/web\/wp-json\/wp\/v2\/posts\/11429\/revisions\/11432"}],"wp:featuredmedia":[{"embeddable":true,"href":"https:\/\/laserenaradio.cl\/web\/wp-json\/wp\/v2\/media\/9077"}],"wp:attachment":[{"href":"https:\/\/laserenaradio.cl\/web\/wp-json\/wp\/v2\/media?parent=11429"}],"wp:term":[{"taxonomy":"category","embeddable":true,"href":"https:\/\/laserenaradio.cl\/web\/wp-json\/wp\/v2\/categories?post=11429"},{"taxonomy":"post_tag","embeddable":true,"href":"https:\/\/laserenaradio.cl\/web\/wp-json\/wp\/v2\/tags?post=11429"}],"curies":[{"name":"wp","href":"https:\/\/api.w.org\/{rel}","templated":true}]}}