{"id":11418,"date":"2025-02-10T23:10:28","date_gmt":"2025-02-11T02:10:28","guid":{"rendered":"https:\/\/laserenaradio.cl\/web\/?p=11418"},"modified":"2025-02-10T23:10:28","modified_gmt":"2025-02-11T02:10:28","slug":"mas-pruebas-surgen-en-el-caso-democracia-viva","status":"publish","type":"post","link":"https:\/\/laserenaradio.cl\/web\/2025\/02\/10\/mas-pruebas-surgen-en-el-caso-democracia-viva\/","title":{"rendered":"M\u00e1s pruebas surgen en el caso Democracia Viva"},"content":{"rendered":"<p><b>Se han revelado nuevos antecedentes en el caso Democracia Viva, involucrando a la desaforada diputada Catalina P\u00e9rez y su expareja Daniel Andrade.<\/b><!--more-->.<\/p>\n<p>Los mensajes entre ellos, enviados por WeChat, muestran coordinaciones sobre el caso justo antes de que se divulgaran cuestionados convenios.<\/p>\n<p>La <a href=\"https:\/\/www.fiscaliadechile.cl\/\">Fiscal\u00eda<\/a> de Antofagasta recibi\u00f3 un informe de la <a href=\"https:\/\/www.pdichile.cl\/\">PDI<\/a> en 31 de enero con estos detalles, y menciona una preocupaci\u00f3n por futuras revelaciones.<\/p>\n<p>La investigaci\u00f3n podr\u00eda llevar a una formalizaci\u00f3n de P\u00e9rez por tres delitos de fraude al fisco.<\/p>\n","protected":false},"excerpt":{"rendered":"<p>Se han revelado nuevos antecedentes en el caso Democracia Viva, involucrando a la desaforada diputada Catalina P\u00e9rez y su expareja Daniel Andrade.<\/p>\n","protected":false},"author":2,"featured_media":11417,"comment_status":"closed","ping_status":"open","sticky":false,"template":"","format":"standard","meta":{"_jetpack_memberships_contains_paid_content":false,"jnews-multi-image_gallery":[],"jnews_single_post":[],"jnews_primary_category":[],"jnews_social_meta":[],"jnews_paywall_metabox":[],"jnews_review":[],"enable_review":"","type":"","name":"","summary":"","brand":"","sku":"","good":[],"bad":[],"score_override":"","override_value":"","rating":[],"price":[],"jnews_override_counter":[],"jnews_post_split":[],"footnotes":""},"categories":[83],"tags":[],"class_list":["post-11418","post","type-post","status-publish","format-standard","has-post-thumbnail","hentry","category-politica"],"jetpack_featured_media_url":"https:\/\/laserenaradio.cl\/web\/wp-content\/uploads\/2025\/02\/homepiaiextractoscrapimg_webpcasoDemocraciaVivaResumenhan_1.webp","jetpack_sharing_enabled":true,"_links":{"self":[{"href":"https:\/\/laserenaradio.cl\/web\/wp-json\/wp\/v2\/posts\/11418","targetHints":{"allow":["GET"]}}],"collection":[{"href":"https:\/\/laserenaradio.cl\/web\/wp-json\/wp\/v2\/posts"}],"about":[{"href":"https:\/\/laserenaradio.cl\/web\/wp-json\/wp\/v2\/types\/post"}],"author":[{"embeddable":true,"href":"https:\/\/laserenaradio.cl\/web\/wp-json\/wp\/v2\/users\/2"}],"replies":[{"embeddable":true,"href":"https:\/\/laserenaradio.cl\/web\/wp-json\/wp\/v2\/comments?post=11418"}],"version-history":[{"count":1,"href":"https:\/\/laserenaradio.cl\/web\/wp-json\/wp\/v2\/posts\/11418\/revisions"}],"predecessor-version":[{"id":11419,"href":"https:\/\/laserenaradio.cl\/web\/wp-json\/wp\/v2\/posts\/11418\/revisions\/11419"}],"wp:featuredmedia":[{"embeddable":true,"href":"https:\/\/laserenaradio.cl\/web\/wp-json\/wp\/v2\/media\/11417"}],"wp:attachment":[{"href":"https:\/\/laserenaradio.cl\/web\/wp-json\/wp\/v2\/media?parent=11418"}],"wp:term":[{"taxonomy":"category","embeddable":true,"href":"https:\/\/laserenaradio.cl\/web\/wp-json\/wp\/v2\/categories?post=11418"},{"taxonomy":"post_tag","embeddable":true,"href":"https:\/\/laserenaradio.cl\/web\/wp-json\/wp\/v2\/tags?post=11418"}],"curies":[{"name":"wp","href":"https:\/\/api.w.org\/{rel}","templated":true}]}}