{"id":11412,"date":"2025-02-10T23:01:24","date_gmt":"2025-02-11T02:01:24","guid":{"rendered":"https:\/\/laserenaradio.cl\/web\/?p=11412"},"modified":"2025-02-10T23:01:24","modified_gmt":"2025-02-11T02:01:24","slug":"marcos-ilabaca-advirtio-sobre-postulacion-de-michelle-bachelet-seria-una-tremenda-derrota-generacional","status":"publish","type":"post","link":"https:\/\/laserenaradio.cl\/web\/2025\/02\/10\/marcos-ilabaca-advirtio-sobre-postulacion-de-michelle-bachelet-seria-una-tremenda-derrota-generacional\/","title":{"rendered":"Marcos Ilabaca advirti\u00f3 sobre postulaci\u00f3n de Michelle Bachelet: &#8220;Ser\u00eda una tremenda derrota generacional&#8221;"},"content":{"rendered":"<p><b>El diputado Marcos Ilabaca (PS) reconoci\u00f3 la popularidad de Michelle Bachelet en encuestas recientes, pero advirti\u00f3 sobre posibles consecuencias negativas para las generaciones m\u00e1s j\u00f3venes si ella postulara<\/b><!--more-->.<\/p>\n<p>Aunque considera que Bachelet es la \u00fanica figura capaz de ganar la elecci\u00f3n presidencial dentro del sector pol\u00edtico, asegura que siempre estar\u00e1 al lado de Chile y sugiere un respaldo un\u00e1nime a su candidatura si se decide a postularse.<\/p>\n","protected":false},"excerpt":{"rendered":"<p>El diputado Marcos Ilabaca (PS) reconoci\u00f3 la popularidad de Michelle Bachelet en encuestas recientes, pero advirti\u00f3 sobre posibles consecuencias negativas para las generaciones m\u00e1s j\u00f3venes si ella postulara<\/p>\n","protected":false},"author":2,"featured_media":11411,"comment_status":"closed","ping_status":"open","sticky":false,"template":"","format":"standard","meta":{"_jetpack_memberships_contains_paid_content":false,"jnews-multi-image_gallery":[],"jnews_single_post":[],"jnews_primary_category":[],"jnews_social_meta":[],"jnews_paywall_metabox":[],"jnews_review":[],"enable_review":"","type":"","name":"","summary":"","brand":"","sku":"","good":[],"bad":[],"score_override":"","override_value":"","rating":[],"price":[],"jnews_override_counter":[],"jnews_post_split":[],"footnotes":""},"categories":[83],"tags":[],"class_list":["post-11412","post","type-post","status-publish","format-standard","has-post-thumbnail","hentry","category-politica"],"jetpack_featured_media_url":"https:\/\/laserenaradio.cl\/web\/wp-content\/uploads\/2025\/02\/homepiaiextractoscrapimg_webpMarcosIlabacaMichelleBacheletsobrediputado_1.webp","jetpack_sharing_enabled":true,"_links":{"self":[{"href":"https:\/\/laserenaradio.cl\/web\/wp-json\/wp\/v2\/posts\/11412","targetHints":{"allow":["GET"]}}],"collection":[{"href":"https:\/\/laserenaradio.cl\/web\/wp-json\/wp\/v2\/posts"}],"about":[{"href":"https:\/\/laserenaradio.cl\/web\/wp-json\/wp\/v2\/types\/post"}],"author":[{"embeddable":true,"href":"https:\/\/laserenaradio.cl\/web\/wp-json\/wp\/v2\/users\/2"}],"replies":[{"embeddable":true,"href":"https:\/\/laserenaradio.cl\/web\/wp-json\/wp\/v2\/comments?post=11412"}],"version-history":[{"count":1,"href":"https:\/\/laserenaradio.cl\/web\/wp-json\/wp\/v2\/posts\/11412\/revisions"}],"predecessor-version":[{"id":11413,"href":"https:\/\/laserenaradio.cl\/web\/wp-json\/wp\/v2\/posts\/11412\/revisions\/11413"}],"wp:featuredmedia":[{"embeddable":true,"href":"https:\/\/laserenaradio.cl\/web\/wp-json\/wp\/v2\/media\/11411"}],"wp:attachment":[{"href":"https:\/\/laserenaradio.cl\/web\/wp-json\/wp\/v2\/media?parent=11412"}],"wp:term":[{"taxonomy":"category","embeddable":true,"href":"https:\/\/laserenaradio.cl\/web\/wp-json\/wp\/v2\/categories?post=11412"},{"taxonomy":"post_tag","embeddable":true,"href":"https:\/\/laserenaradio.cl\/web\/wp-json\/wp\/v2\/tags?post=11412"}],"curies":[{"name":"wp","href":"https:\/\/api.w.org\/{rel}","templated":true}]}}