{"id":11334,"date":"2025-02-08T08:46:41","date_gmt":"2025-02-08T11:46:41","guid":{"rendered":"https:\/\/laserenaradio.cl\/web\/?p=11334"},"modified":"2025-02-08T08:46:41","modified_gmt":"2025-02-08T11:46:41","slug":"camila-vallejo-da-la-bienvenida-a-su-hijo-de-manera-emocionada","status":"publish","type":"post","link":"https:\/\/laserenaradio.cl\/web\/2025\/02\/08\/camila-vallejo-da-la-bienvenida-a-su-hijo-de-manera-emocionada\/","title":{"rendered":"Camila Vallejo da la bienvenida a su hijo de manera emocionada."},"content":{"rendered":"<p><b>Camila Vallejo comparti\u00f3 en Instagram dos fotograf\u00edas de su hijo reci\u00e9n nacido, acompa\u00f1adas de un emotivo mensaje<\/b><!--more-->.<\/p>\n<p>&#8220;Ya estamos de alta en casa con nuestro hermoso hijo! Nuestro grandote de 3.8 kg y 51 cm naci\u00f3 el 5 de febrero. Fue un proceso largo e intenso, pero ahora es lo mejor recibir a este nuevo integrante de la familia&#8221;, se\u00f1al\u00f3. <\/p>\n<p>Tambi\u00e9n coment\u00f3: &#8220;PD: Que bueno es poder volver a acostarse de guata&#8221;.<\/p>\n<p>Adem\u00e1s, recordamos que en diciembre de 2024 Vallejo anunci\u00f3 temporalmente su despedida de sus funciones como vocera del Gobierno, expresando gratitud y asegurando que no era un adi\u00f3s definitivo.<\/p>\n","protected":false},"excerpt":{"rendered":"<p>Camila Vallejo comparti\u00f3 en Instagram dos fotograf\u00edas de su hijo reci\u00e9n nacido, acompa\u00f1adas de un emotivo mensaje<\/p>\n","protected":false},"author":2,"featured_media":11333,"comment_status":"closed","ping_status":"open","sticky":false,"template":"","format":"standard","meta":{"_jetpack_memberships_contains_paid_content":false,"jnews-multi-image_gallery":[],"jnews_single_post":[],"jnews_primary_category":[],"jnews_social_meta":[],"jnews_paywall_metabox":[],"jnews_review":[],"enable_review":"","type":"","name":"","summary":"","brand":"","sku":"","good":[],"bad":[],"score_override":"","override_value":"","rating":[],"price":[],"jnews_override_counter":[],"jnews_post_split":[],"footnotes":""},"categories":[83],"tags":[],"class_list":["post-11334","post","type-post","status-publish","format-standard","has-post-thumbnail","hentry","category-politica"],"jetpack_featured_media_url":"https:\/\/laserenaradio.cl\/web\/wp-content\/uploads\/2025\/02\/homepiaiextractoscrapimg_webpCamilaVallejo_1.webp","jetpack_sharing_enabled":true,"_links":{"self":[{"href":"https:\/\/laserenaradio.cl\/web\/wp-json\/wp\/v2\/posts\/11334","targetHints":{"allow":["GET"]}}],"collection":[{"href":"https:\/\/laserenaradio.cl\/web\/wp-json\/wp\/v2\/posts"}],"about":[{"href":"https:\/\/laserenaradio.cl\/web\/wp-json\/wp\/v2\/types\/post"}],"author":[{"embeddable":true,"href":"https:\/\/laserenaradio.cl\/web\/wp-json\/wp\/v2\/users\/2"}],"replies":[{"embeddable":true,"href":"https:\/\/laserenaradio.cl\/web\/wp-json\/wp\/v2\/comments?post=11334"}],"version-history":[{"count":1,"href":"https:\/\/laserenaradio.cl\/web\/wp-json\/wp\/v2\/posts\/11334\/revisions"}],"predecessor-version":[{"id":11335,"href":"https:\/\/laserenaradio.cl\/web\/wp-json\/wp\/v2\/posts\/11334\/revisions\/11335"}],"wp:featuredmedia":[{"embeddable":true,"href":"https:\/\/laserenaradio.cl\/web\/wp-json\/wp\/v2\/media\/11333"}],"wp:attachment":[{"href":"https:\/\/laserenaradio.cl\/web\/wp-json\/wp\/v2\/media?parent=11334"}],"wp:term":[{"taxonomy":"category","embeddable":true,"href":"https:\/\/laserenaradio.cl\/web\/wp-json\/wp\/v2\/categories?post=11334"},{"taxonomy":"post_tag","embeddable":true,"href":"https:\/\/laserenaradio.cl\/web\/wp-json\/wp\/v2\/tags?post=11334"}],"curies":[{"name":"wp","href":"https:\/\/api.w.org\/{rel}","templated":true}]}}