{"id":11309,"date":"2025-02-07T19:33:39","date_gmt":"2025-02-07T22:33:39","guid":{"rendered":"https:\/\/laserenaradio.cl\/web\/?p=11309"},"modified":"2025-02-07T19:33:39","modified_gmt":"2025-02-07T22:33:39","slug":"diputado-udi-se-niega-a-pedir-disculpas-por-viralizar-una-foto-falsa-del-presidente-boric-con-el-ministro-venezolano-diosdado-cabello","status":"publish","type":"post","link":"https:\/\/laserenaradio.cl\/web\/2025\/02\/07\/diputado-udi-se-niega-a-pedir-disculpas-por-viralizar-una-foto-falsa-del-presidente-boric-con-el-ministro-venezolano-diosdado-cabello\/","title":{"rendered":"Diputado UDI se niega a pedir disculpas por viralizar una foto falsa del presidente Boric con el Ministro venezolano Diosdado Cabello"},"content":{"rendered":"<p><b>El diputado Sergio Bobadilla de la UDI no pedir\u00e1 disculpas despu\u00e9s de compartir una foto falsa mostrando al presidente Gabriel Boric abraz\u00e1ndose con Diosdado Cabello, el vicepresidente del r\u00e9gimen venezolano<\/b><!--more-->.<\/p>\n<p>Bobadilla reconoci\u00f3 un posible error en no verificar la imagen, pero rechaz\u00f3 disculparse p\u00fablicamente y acus\u00f3 al Gobierno de tener v\u00ednculos con el r\u00e9gimen de Maduro.<\/p>\n<p>La imagen fue generada mediante inteligencia artificial seg\u00fan Fast Check.<\/p>\n<p>Boric hab\u00eda criticado las pr\u00e1cticas de desinformaci\u00f3n de la ultra derecha en un tweet.<\/p>\n","protected":false},"excerpt":{"rendered":"<p>El diputado Sergio Bobadilla de la UDI no pedir\u00e1 disculpas despu\u00e9s de compartir una foto falsa mostrando al presidente Gabriel Boric abraz\u00e1ndose con Diosdado Cabello, el vicepresidente del r\u00e9gimen venezolano<\/p>\n","protected":false},"author":2,"featured_media":11308,"comment_status":"closed","ping_status":"open","sticky":false,"template":"","format":"standard","meta":{"_jetpack_memberships_contains_paid_content":false,"jnews-multi-image_gallery":[],"jnews_single_post":[],"jnews_primary_category":[],"jnews_social_meta":[],"jnews_paywall_metabox":[],"jnews_review":[],"enable_review":"","type":"","name":"","summary":"","brand":"","sku":"","good":[],"bad":[],"score_override":"","override_value":"","rating":[],"price":[],"jnews_override_counter":[],"jnews_post_split":[],"footnotes":""},"categories":[83],"tags":[],"class_list":["post-11309","post","type-post","status-publish","format-standard","has-post-thumbnail","hentry","category-politica"],"jetpack_featured_media_url":"https:\/\/laserenaradio.cl\/web\/wp-content\/uploads\/2025\/02\/homepiaiextractoscrapimg_webpnodisculpasfotofalsa_1.webp","jetpack_sharing_enabled":true,"_links":{"self":[{"href":"https:\/\/laserenaradio.cl\/web\/wp-json\/wp\/v2\/posts\/11309","targetHints":{"allow":["GET"]}}],"collection":[{"href":"https:\/\/laserenaradio.cl\/web\/wp-json\/wp\/v2\/posts"}],"about":[{"href":"https:\/\/laserenaradio.cl\/web\/wp-json\/wp\/v2\/types\/post"}],"author":[{"embeddable":true,"href":"https:\/\/laserenaradio.cl\/web\/wp-json\/wp\/v2\/users\/2"}],"replies":[{"embeddable":true,"href":"https:\/\/laserenaradio.cl\/web\/wp-json\/wp\/v2\/comments?post=11309"}],"version-history":[{"count":1,"href":"https:\/\/laserenaradio.cl\/web\/wp-json\/wp\/v2\/posts\/11309\/revisions"}],"predecessor-version":[{"id":11310,"href":"https:\/\/laserenaradio.cl\/web\/wp-json\/wp\/v2\/posts\/11309\/revisions\/11310"}],"wp:featuredmedia":[{"embeddable":true,"href":"https:\/\/laserenaradio.cl\/web\/wp-json\/wp\/v2\/media\/11308"}],"wp:attachment":[{"href":"https:\/\/laserenaradio.cl\/web\/wp-json\/wp\/v2\/media?parent=11309"}],"wp:term":[{"taxonomy":"category","embeddable":true,"href":"https:\/\/laserenaradio.cl\/web\/wp-json\/wp\/v2\/categories?post=11309"},{"taxonomy":"post_tag","embeddable":true,"href":"https:\/\/laserenaradio.cl\/web\/wp-json\/wp\/v2\/tags?post=11309"}],"curies":[{"name":"wp","href":"https:\/\/api.w.org\/{rel}","templated":true}]}}