{"id":11306,"date":"2025-02-07T19:32:17","date_gmt":"2025-02-07T22:32:17","guid":{"rendered":"https:\/\/laserenaradio.cl\/web\/?p=11306"},"modified":"2025-02-07T19:32:17","modified_gmt":"2025-02-07T22:32:17","slug":"el-plan-de-vacaciones-del-presidente-gabriel-boric-podran-verse-interrumpidas-por-la-contingencia","status":"publish","type":"post","link":"https:\/\/laserenaradio.cl\/web\/2025\/02\/07\/el-plan-de-vacaciones-del-presidente-gabriel-boric-podran-verse-interrumpidas-por-la-contingencia\/","title":{"rendered":"El plan de vacaciones del Presidente Gabriel Boric: \u00bfpodr\u00e1n verse interrumpidas por la contingencia?"},"content":{"rendered":"<p><b>El presidente Gabriel Boric planea tomarse unas vacaciones durante este verano<\/b><!--more-->.<\/p>\n<p>Originalmente, estaba programado ir a Puerto Williams por un trekking de 40 kil\u00f3metros, pero ha suspendido ese viaje debido a que su pareja est\u00e1 embarazada.<\/p>\n<p>Aunque tomar\u00e1 sus d\u00edas libres, que incluyen su cumplea\u00f1os (11 de febrero), estos podr\u00edan ser interrumpidos si hay incendios o contingencias.<\/p>\n<p>Boric ya ha tenido que suspender vacaciones previas por situaciones similares, como un secuestro y los incendios forestales en \u00d1uble y B\u00edo B\u00edo.<\/p>\n","protected":false},"excerpt":{"rendered":"<p>El presidente Gabriel Boric planea tomarse unas vacaciones durante este verano<\/p>\n","protected":false},"author":2,"featured_media":11305,"comment_status":"closed","ping_status":"open","sticky":false,"template":"","format":"standard","meta":{"_jetpack_memberships_contains_paid_content":false,"jnews-multi-image_gallery":[],"jnews_single_post":[],"jnews_primary_category":[],"jnews_social_meta":[],"jnews_paywall_metabox":[],"jnews_review":[],"enable_review":"","type":"","name":"","summary":"","brand":"","sku":"","good":[],"bad":[],"score_override":"","override_value":"","rating":[],"price":[],"jnews_override_counter":[],"jnews_post_split":[],"footnotes":""},"categories":[83],"tags":[],"class_list":["post-11306","post","type-post","status-publish","format-standard","has-post-thumbnail","hentry","category-politica"],"jetpack_featured_media_url":"https:\/\/laserenaradio.cl\/web\/wp-content\/uploads\/2025\/02\/homepiaiextractoscrapimg_webpvacacionesincendiospresidenteGabrielBoric_0.webp","jetpack_sharing_enabled":true,"_links":{"self":[{"href":"https:\/\/laserenaradio.cl\/web\/wp-json\/wp\/v2\/posts\/11306","targetHints":{"allow":["GET"]}}],"collection":[{"href":"https:\/\/laserenaradio.cl\/web\/wp-json\/wp\/v2\/posts"}],"about":[{"href":"https:\/\/laserenaradio.cl\/web\/wp-json\/wp\/v2\/types\/post"}],"author":[{"embeddable":true,"href":"https:\/\/laserenaradio.cl\/web\/wp-json\/wp\/v2\/users\/2"}],"replies":[{"embeddable":true,"href":"https:\/\/laserenaradio.cl\/web\/wp-json\/wp\/v2\/comments?post=11306"}],"version-history":[{"count":1,"href":"https:\/\/laserenaradio.cl\/web\/wp-json\/wp\/v2\/posts\/11306\/revisions"}],"predecessor-version":[{"id":11307,"href":"https:\/\/laserenaradio.cl\/web\/wp-json\/wp\/v2\/posts\/11306\/revisions\/11307"}],"wp:featuredmedia":[{"embeddable":true,"href":"https:\/\/laserenaradio.cl\/web\/wp-json\/wp\/v2\/media\/11305"}],"wp:attachment":[{"href":"https:\/\/laserenaradio.cl\/web\/wp-json\/wp\/v2\/media?parent=11306"}],"wp:term":[{"taxonomy":"category","embeddable":true,"href":"https:\/\/laserenaradio.cl\/web\/wp-json\/wp\/v2\/categories?post=11306"},{"taxonomy":"post_tag","embeddable":true,"href":"https:\/\/laserenaradio.cl\/web\/wp-json\/wp\/v2\/tags?post=11306"}],"curies":[{"name":"wp","href":"https:\/\/api.w.org\/{rel}","templated":true}]}}